{"id":2614,"date":"2014-08-14T17:07:27","date_gmt":"2014-08-14T16:07:27","guid":{"rendered":"http:\/\/www.lembach.fr\/mairie\/?p=2614"},"modified":"2014-11-09T14:46:57","modified_gmt":"2014-11-09T12:46:57","slug":"veillee-nature","status":"publish","type":"post","link":"https:\/\/www.lembach.fr\/mairie\/2014\/08\/14\/veillee-nature\/","title":{"rendered":"Veill\u00e9e Nature"},"content":{"rendered":"<p>Dans le cadre de la nuit internationale de la chauve-souris,\u00a0 la Communaut\u00e9 de communes Sauer-Pechelbronn a plaisir de vous convier \u00e0 une veill\u00e9e nature qui se tiendra le<\/p>\n<h4 style=\"text-align: center;\"><\/h4>\n<div class=\"alert alert-success\" role=\"alert\"><p class=\"printonly\"><strong>Important!<\/strong><\/p>\n<h4 style=\"text-align: center;\"><strong>Vendredi 22 ao\u00fbt 2014<\/strong><\/h4>\n<h4 style=\"text-align: center;\"><strong>\u00e0 partir de 20h<\/strong><\/h4>\n<h4 style=\"text-align: center;\"><strong>\u00e0 la mairie de Niedersteinbach<\/strong><\/h4>\n<\/div>\n<h4 style=\"text-align: center;\"><\/h4>\n<p style=\"text-align: left;\">Cette animation gratuite et tout public, organis\u00e9e par la <strong>maison de la nature du delta de la Sauer et de l\u2019Alsace du Nord<\/strong>, vous permettra de d\u00e9couvrir toutes les particularit\u00e9s des chauves-souris et balayer quelques id\u00e9es re\u00e7ues sur ces mammif\u00e8res inoffensifs !<img loading=\"lazy\" decoding=\"async\" class=\"aligncenter size-full wp-image-2616\" style=\"border: 0pt none;\" src=\"http:\/\/www.lembach.fr\/mairie\/wp-content\/uploads\/2014\/08\/veillee_nature2.jpg\" alt=\"veillee_nature2\" width=\"400\" height=\"154\" srcset=\"https:\/\/www.lembach.fr\/mairie\/wp-content\/uploads\/2014\/08\/veillee_nature2.jpg 400w, https:\/\/www.lembach.fr\/mairie\/wp-content\/uploads\/2014\/08\/veillee_nature2-300x115.jpg 300w\" sizes=\"auto, (max-width: 400px) 100vw, 400px\" \/><\/p>\n<p style=\"text-align: left;\">Apr\u00e8s un diaporama, le public observera des sc\u00e8nes de vie de la colonie de Grand Murin de Niedersteinbach via un dispositif vid\u00e9o implant\u00e9 dans les combles de l\u2019\u00e9glise, puis suivra les femelles et les jeunes partants en chasse gr\u00e2ce \u00e0 une \u00ab batbox \u00bb d\u00e9tectant les ultra-sons \u00e9mis par les chauves-souris.<\/p>\n<p style=\"text-align: left;\"><del>Cliquez sur les images ci-dessous pour acc\u00e9der aux 2 cam\u00e9ras connect\u00e9es en permanence<\/del> :<\/p>\n<p style=\"text-align: center;\"><span style=\"color: #ff0000;\"><strong>Les cam\u00e9ras ne sont actives qu&rsquo;au printemps et jusqu&rsquo;\u00e0 la fin de l&rsquo;\u00e9t\u00e9.<\/strong><\/span><\/p>\n<div style=\"text-align: center;\"><img loading=\"lazy\" decoding=\"async\" class=\"alignnone wp-image-2618 size-full\" style=\"border: 0pt none;\" src=\"http:\/\/www.lembach.fr\/mairie\/wp-content\/uploads\/2014\/08\/veillee_nature3.jpg\" alt=\"veillee_nature3\" width=\"269\" height=\"219\" \/> <img loading=\"lazy\" decoding=\"async\" class=\"alignnone wp-image-2619 size-full\" style=\"border: 0pt none;\" src=\"http:\/\/www.lembach.fr\/mairie\/wp-content\/uploads\/2014\/08\/veillee_nature4.jpg\" alt=\"veillee_nature4\" width=\"269\" height=\"219\" \/><\/div>\n<p>Vous pouvez trouver de nombreux renseignements sur la vie de ces mammif\u00e8res ici : <span style=\"text-decoration: underline;\"><strong><a href=\"http:\/\/www.sauer-pechelbronn.fr\/fr\/murin\/chauves-souris-on-line.html\" target=\"_blank\">http:\/\/www.sauer-pechelbronn.fr\/fr\/murin\/chauves-souris-on-line.html<\/a><\/strong><\/span><\/p>\n<p>Bonne d\u00e9couverte !<\/p>\n<p style=\"text-align: right;\">Fr\u00e9d\u00e9rique Weber<br \/>\nCharg\u00e9e de mission environnement &#8211; d\u00e9veloppement local<\/p>\n<p><img loading=\"lazy\" decoding=\"async\" class=\"aligncenter size-full wp-image-2615\" style=\"border: 0pt none;\" src=\"http:\/\/www.lembach.fr\/mairie\/wp-content\/uploads\/2014\/08\/veillee_nature1.jpg\" alt=\"veillee_nature1\" width=\"543\" height=\"108\" srcset=\"https:\/\/www.lembach.fr\/mairie\/wp-content\/uploads\/2014\/08\/veillee_nature1.jpg 543w, https:\/\/www.lembach.fr\/mairie\/wp-content\/uploads\/2014\/08\/veillee_nature1-300x59.jpg 300w\" sizes=\"auto, (max-width: 543px) 100vw, 543px\" \/><\/p>\n","protected":false},"excerpt":{"rendered":"<p>Dans le cadre de la nuit internationale de la chauve-souris,\u00a0 la Communaut\u00e9 de communes Sauer-Pechelbronn a plaisir de vous convier \u00e0 une veill\u00e9e nature qui se tiendra le Cette animation gratuite et tout public, organis\u00e9e par la maison de la nature du delta de la Sauer et de l\u2019Alsace du Nord, vous permettra de d\u00e9couvrir &hellip; <\/p>\n<p><a class=\"more-link btn\" href=\"https:\/\/www.lembach.fr\/mairie\/2014\/08\/14\/veillee-nature\/\">Lire la suite<\/a><\/p>\n","protected":false},"author":1,"featured_media":0,"comment_status":"closed","ping_status":"closed","sticky":false,"template":"","format":"standard","meta":{"footnotes":""},"categories":[15],"tags":[],"class_list":["post-2614","post","type-post","status-publish","format-standard","hentry","category-conferences","item-wrap"],"_links":{"self":[{"href":"https:\/\/www.lembach.fr\/mairie\/wp-json\/wp\/v2\/posts\/2614","targetHints":{"allow":["GET"]}}],"collection":[{"href":"https:\/\/www.lembach.fr\/mairie\/wp-json\/wp\/v2\/posts"}],"about":[{"href":"https:\/\/www.lembach.fr\/mairie\/wp-json\/wp\/v2\/types\/post"}],"author":[{"embeddable":true,"href":"https:\/\/www.lembach.fr\/mairie\/wp-json\/wp\/v2\/users\/1"}],"replies":[{"embeddable":true,"href":"https:\/\/www.lembach.fr\/mairie\/wp-json\/wp\/v2\/comments?post=2614"}],"version-history":[{"count":0,"href":"https:\/\/www.lembach.fr\/mairie\/wp-json\/wp\/v2\/posts\/2614\/revisions"}],"wp:attachment":[{"href":"https:\/\/www.lembach.fr\/mairie\/wp-json\/wp\/v2\/media?parent=2614"}],"wp:term":[{"taxonomy":"category","embeddable":true,"href":"https:\/\/www.lembach.fr\/mairie\/wp-json\/wp\/v2\/categories?post=2614"},{"taxonomy":"post_tag","embeddable":true,"href":"https:\/\/www.lembach.fr\/mairie\/wp-json\/wp\/v2\/tags?post=2614"}],"curies":[{"name":"wp","href":"https:\/\/api.w.org\/{rel}","templated":true}]}}