{"id":2599,"date":"2014-09-22T08:00:58","date_gmt":"2014-09-22T07:00:58","guid":{"rendered":"http:\/\/www.lembach.fr\/mairie\/?p=2599"},"modified":"2014-08-21T16:26:43","modified_gmt":"2014-08-21T14:26:43","slug":"amelioration-de-lhabitat","status":"publish","type":"post","link":"https:\/\/www.lembach.fr\/mairie\/2014\/09\/22\/amelioration-de-lhabitat\/","title":{"rendered":"Am\u00e9lioration de l&rsquo;habitat"},"content":{"rendered":"<p>Avez-vous envisag\u00e9 de valoriser votre patrimoine, d\u2019am\u00e9liorer le confort de votre logement, de r\u00e9duire la facture de votre chauffage, d\u2019adapter votre habitation au vieillissement ou de mettre ou remettre en location votre logement ?<\/p>\n<p>Des aides et des subventions peuvent \u00eatre mobilis\u00e9es car le territoire de l\u2019Alsace du Nord b\u00e9n\u00e9ficie en 2014 et en 2015 de dispositifs particuliers d\u2019accompagnement du Conseil G\u00e9n\u00e9ral. Un accompagnement personnalis\u00e9 peut vous \u00eatre propos\u00e9 pour \u00e9laborer votre dossier.<\/p>\n<p>Afin de vous pr\u00e9senter ces nouveaux outils et opportunit\u00e9s, le Conseil G\u00e9n\u00e9ral du Bas-Rhin a le plaisir de vous inviter \u00e0 une r\u00e9union publique d\u2019information concernant l\u2019am\u00e9lioration des logements :<\/p>\n<div class=\"alert alert-success\" role=\"alert\"><p class=\"printonly\"><strong>Important!<\/strong><\/p>\n<p align=\"CENTER\" class=\"first-p\"><a href=\"http:\/\/www.lembach.fr\/mairie\/?p=2197\"><strong><span style=\"font-size: large;\">\u00ab\u00a0Am\u00e9lioration de l&rsquo;habitat\u00a0\u00bb<\/span><\/strong><\/a><\/p>\n<p align=\"CENTER\"><a href=\"http:\/\/www.lembach.fr\/mairie\/?p=2197\"><strong><span style=\"font-size: large;\">22 octobre 2014<\/span><\/strong><\/a><\/p>\n<p align=\"CENTER\"><a href=\"http:\/\/www.lembach.fr\/mairie\/?p=2197\"><strong><span style=\"font-size: large;\">18h30 \u00e0 20h30<\/span><\/strong><\/a><\/p>\n<p align=\"CENTER\"><a href=\"http:\/\/www.lembach.fr\/mairie\/?p=2197\"><strong><span style=\"font-size: large;\">Salle de la Mairie<\/span><\/strong><\/a><\/p>\n<\/div>\n<p>La r\u00e9union concernera les communes de : Lembach, Obersteinbach, Niedersteinbach, Wingen, Langensoultzbach, Lampertsloch, Goersdorf, Preuschdorf, Lobsann, Kutzenhausen et Merkwiller-Pechelbronn.<\/p>\n<p>Les interventions seront les suivantes :<\/p>\n<ul>\n<li>Aides mobilisables pour la r\u00e9habilitation des logements : le PIG R\u00e9nov\u2019Habitat 67 (intervention CG67)<\/li>\n<li>Outils pour la remise sur le march\u00e9 des logements \u2013 la s\u00e9curisation locative (intervention CG67)<\/li>\n<li>R\u00e9nover son logement, les bons conseils (intervention Pays de l\u2019Alsace du Nord)<\/li>\n<li>Actions du Parc Naturel R\u00e9gional des Vosges du Nord en faveur de la r\u00e9habilitation (intervention PNRVN)<\/li>\n<li>Aides mobilisables pour le maintien \u00e0 domicile des s\u00e9niors : le PIG Adapt\u2019Logis 67 (intervention CG67)<\/li>\n<\/ul>\n<p>Nous aurons le plaisir d&rsquo;accueillir le conseiller g\u00e9n\u00e9ral M.Pierre Bertrand<\/p>\n<p>&nbsp;<\/p>\n<div align=\"center\">\n<table>\n<tbody>\n<tr>\n<td><img loading=\"lazy\" decoding=\"async\" class=\"wp-image-1722 size-full aligncenter\" style=\"border: 0px none;\" src=\"http:\/\/www.lembach.fr\/mairie\/wp-content\/uploads\/2013\/03\/logo_cg67.png\" alt=\"logo_cg67\" width=\"185\" height=\"70\" \/><\/td>\n<td><img loading=\"lazy\" decoding=\"async\" class=\"wp-image-262 size-full aligncenter\" style=\"border: 0px none;\" src=\"http:\/\/www.lembach.fr\/mairie\/wp-content\/uploads\/2012\/05\/logo_parc.jpg\" alt=\"logo_parc\" width=\"73\" height=\"93\" \/><\/td>\n<td style=\"text-align: center;\"><img loading=\"lazy\" decoding=\"async\" class=\"wp-image-2600 size-full\" style=\"border: 0px none;\" src=\"http:\/\/www.lembach.fr\/mairie\/wp-content\/uploads\/2014\/08\/pays_alsace_nord.jpg\" alt=\"pays_alsace_nord\" width=\"107\" height=\"153\" \/><\/td>\n<\/tr>\n<\/tbody>\n<\/table>\n<\/div>\n","protected":false},"excerpt":{"rendered":"<p>Avez-vous envisag\u00e9 de valoriser votre patrimoine, d\u2019am\u00e9liorer le confort de votre logement, de r\u00e9duire la facture de votre chauffage, d\u2019adapter votre habitation au vieillissement ou de mettre ou remettre en location votre logement ? Des aides et des subventions peuvent \u00eatre mobilis\u00e9es car le territoire de l\u2019Alsace du Nord b\u00e9n\u00e9ficie en 2014 et en 2015 &hellip; <\/p>\n<p><a class=\"more-link btn\" href=\"https:\/\/www.lembach.fr\/mairie\/2014\/09\/22\/amelioration-de-lhabitat\/\">Lire la suite<\/a><\/p>\n","protected":false},"author":1,"featured_media":0,"comment_status":"closed","ping_status":"closed","sticky":false,"template":"","format":"standard","meta":{"footnotes":""},"categories":[15],"tags":[],"class_list":["post-2599","post","type-post","status-publish","format-standard","hentry","category-conferences","item-wrap"],"_links":{"self":[{"href":"https:\/\/www.lembach.fr\/mairie\/wp-json\/wp\/v2\/posts\/2599","targetHints":{"allow":["GET"]}}],"collection":[{"href":"https:\/\/www.lembach.fr\/mairie\/wp-json\/wp\/v2\/posts"}],"about":[{"href":"https:\/\/www.lembach.fr\/mairie\/wp-json\/wp\/v2\/types\/post"}],"author":[{"embeddable":true,"href":"https:\/\/www.lembach.fr\/mairie\/wp-json\/wp\/v2\/users\/1"}],"replies":[{"embeddable":true,"href":"https:\/\/www.lembach.fr\/mairie\/wp-json\/wp\/v2\/comments?post=2599"}],"version-history":[{"count":0,"href":"https:\/\/www.lembach.fr\/mairie\/wp-json\/wp\/v2\/posts\/2599\/revisions"}],"wp:attachment":[{"href":"https:\/\/www.lembach.fr\/mairie\/wp-json\/wp\/v2\/media?parent=2599"}],"wp:term":[{"taxonomy":"category","embeddable":true,"href":"https:\/\/www.lembach.fr\/mairie\/wp-json\/wp\/v2\/categories?post=2599"},{"taxonomy":"post_tag","embeddable":true,"href":"https:\/\/www.lembach.fr\/mairie\/wp-json\/wp\/v2\/tags?post=2599"}],"curies":[{"name":"wp","href":"https:\/\/api.w.org\/{rel}","templated":true}]}}