{"id":2589,"date":"2014-07-10T09:44:28","date_gmt":"2014-07-10T08:44:28","guid":{"rendered":"http:\/\/www.lembach.fr\/mairie\/?p=2589"},"modified":"2014-07-10T09:45:47","modified_gmt":"2014-07-10T08:45:47","slug":"charbonniers-programme-2014","status":"publish","type":"post","link":"https:\/\/www.lembach.fr\/mairie\/2014\/07\/10\/charbonniers-programme-2014\/","title":{"rendered":"Charbonniers : programme 2014"},"content":{"rendered":"<h2>Du 19 juillet au 3 ao\u00fbt 2014, les Charbonniers du Fleckenstein vous invitent \u00e0 vous plonger dans l\u2019atmosph\u00e8re de ce rude m\u00e9tier qui occupait encore, jusque dans les ann\u00e9es 1950, quelques 150 personnes autour de Lembach.<\/h2>\n<h2>A l\u2019Aire des Charbonniers au pied du Ch\u00e2teau Fort de Fleckenstein venez rencontrer, jour et nuit, les membres de l\u2019association dont certains sont fils et petits-fils de Charbonniers<\/h2>\n<p style=\"text-align: center;\"><em><strong>Acc\u00e8s gratuit au site et aux manifestations<\/strong><\/em><\/p>\n<h4 style=\"text-align: center;\"><span style=\"text-decoration: underline;\"><strong>PROGRAMME<\/strong><\/span><\/h4>\n<p style=\"text-align: left;\"><span style=\"text-decoration: underline;\"><strong>Journ\u00e9es de pr\u00e9paration sans animations<\/strong><\/span><\/p>\n<ul>\n<li>\u00a0Samedi 19 Juillet : montage de la premi\u00e8re meule<\/li>\n<\/ul>\n<p><img loading=\"lazy\" decoding=\"async\" class=\"aligncenter size-full wp-image-2590\" src=\"http:\/\/www.lembach.fr\/mairie\/wp-content\/uploads\/2014\/07\/charbonniers_2014_1.jpg\" alt=\"charbonniers_2014_1\" width=\"400\" height=\"330\" srcset=\"https:\/\/www.lembach.fr\/mairie\/wp-content\/uploads\/2014\/07\/charbonniers_2014_1.jpg 400w, https:\/\/www.lembach.fr\/mairie\/wp-content\/uploads\/2014\/07\/charbonniers_2014_1-300x247.jpg 300w\" sizes=\"auto, (max-width: 400px) 100vw, 400px\" \/><\/p>\n<ul>\n<li>Dimanche 20 juillet : allumage de la premi\u00e8re meule \u00e0 15 h<br \/>\nVernissage de l\u2019exposition des peintres Albert Hartweg et Francis Math\u00e8s \u00e0 17 h au P\u2019tit Fleck<br \/>\nExposition ouverte tous les jours, sauf lundi, du 22 juillet au 10 ao\u00fbt de 13 h \u00e0 18 h<\/li>\n<li>Mercredi 23 juillet. &#8211; Montage de la seconde meule<\/li>\n<\/ul>\n<p><img loading=\"lazy\" decoding=\"async\" class=\"aligncenter wp-image-2591 size-full\" src=\"http:\/\/www.lembach.fr\/mairie\/wp-content\/uploads\/2014\/07\/charbonniers_2014_2.jpg\" alt=\"charbonniers_2014_2\" width=\"400\" height=\"266\" srcset=\"https:\/\/www.lembach.fr\/mairie\/wp-content\/uploads\/2014\/07\/charbonniers_2014_2.jpg 400w, https:\/\/www.lembach.fr\/mairie\/wp-content\/uploads\/2014\/07\/charbonniers_2014_2-300x199.jpg 300w\" sizes=\"auto, (max-width: 400px) 100vw, 400px\" \/><\/p>\n<p style=\"text-align: left;\"><span style=\"text-decoration: underline;\"><strong>Semaine des charbonniers et manifestations<\/strong><\/span><\/p>\n<ul>\n<li>Vendredi 25 juillet \u00e0 20 h : allumage de la seconde meule<br \/>\nAnimation musicale avec la \u00ab J\u00e4gerkapelle \u00bb d\u2019Erfweiler (Palatinat)Samedi<\/li>\n<li>26 juillet \u00e0 20 h : grande soir\u00e9e \u00ab Cornemuses et Trompettes \u00bb avec le retour de la Strasser Garde Rheinhausen<br \/>\nFl\u00e0mmkuche des \u00ab Risseffer Schlosshaxe \u00bb<\/li>\n<\/ul>\n<p><img loading=\"lazy\" decoding=\"async\" class=\"aligncenter wp-image-2593 size-full\" src=\"http:\/\/www.lembach.fr\/mairie\/wp-content\/uploads\/2014\/07\/charbonniers_2014_4.jpg\" alt=\"charbonniers_2014_4\" width=\"400\" height=\"284\" srcset=\"https:\/\/www.lembach.fr\/mairie\/wp-content\/uploads\/2014\/07\/charbonniers_2014_4.jpg 400w, https:\/\/www.lembach.fr\/mairie\/wp-content\/uploads\/2014\/07\/charbonniers_2014_4-300x213.jpg 300w\" sizes=\"auto, (max-width: 400px) 100vw, 400px\" \/><\/p>\n<ul>\n<li>Dimanche 27 juillet :<br \/>\n10 h : office oecum\u00e9nique en Alsacien dans la cour du ch\u00e2teau avec la participation des Trompes de Chasse de Strasbourg et la chorale des Charbonniers<br \/>\n12 h : repas des charbonniers (sur inscription)<br \/>\n16 h : concert Trompes de chasse \u00e0 14 h et Musique de Wingen<\/li>\n<li>Mardi 29 juillet : grande soir\u00e9e gastronomique (sur r\u00e9servation)<\/li>\n<li>Mercredi 30 juillet \u00e0 18 h : inauguration musicale \u00ab L\u2019oiseau, l\u2019Hymne \u00e0 la vie et le Monstre \u00bb dans la cour du Ch\u00e2teau<\/li>\n<li>Jeudi 31 juillet (la journ\u00e9e) : ouverture de la premi\u00e8re meule<\/li>\n<li>Vendredi 1er ao\u00fbt \u00e0 19 h : soir\u00e9e Grill des Troubadours du Gimbelhof Jarrets et poulets cuits dans la braise<br \/>\nAnimation musicale avec l\u2019Harmonie du Herrenstein.<\/li>\n<li>Samedi 2 ao\u00fbt \u00e0 20 h : soir\u00e9e \u00ab Chanson Fran\u00e7aise \u00bb avec l\u2019ensemble \u00ab Pour le Plaisir \u00bb<br \/>\nD\u00e9gustation du <strong><em>Lemb\u00e0chflackestaanerkohlebrannergrumb\u00e4reroschtwurscht<img loading=\"lazy\" decoding=\"async\" class=\"aligncenter wp-image-2592 size-full\" src=\"http:\/\/www.lembach.fr\/mairie\/wp-content\/uploads\/2014\/07\/charbonniers_2014_3.jpg\" alt=\"charbonniers_2014_3\" width=\"400\" height=\"286\" srcset=\"https:\/\/www.lembach.fr\/mairie\/wp-content\/uploads\/2014\/07\/charbonniers_2014_3.jpg 400w, https:\/\/www.lembach.fr\/mairie\/wp-content\/uploads\/2014\/07\/charbonniers_2014_3-300x214.jpg 300w\" sizes=\"auto, (max-width: 400px) 100vw, 400px\" \/><\/em><\/strong><\/li>\n<li>Dimanche 3 ao\u00fbt (la matin\u00e9e)- Ouverture de la seconde meule.<\/li>\n<\/ul>\n<p><img loading=\"lazy\" decoding=\"async\" class=\"aligncenter wp-image-2594 size-full\" src=\"http:\/\/www.lembach.fr\/mairie\/wp-content\/uploads\/2014\/07\/charbonniers_2014_5.jpg\" alt=\"charbonniers_2014_5\" width=\"400\" height=\"300\" srcset=\"https:\/\/www.lembach.fr\/mairie\/wp-content\/uploads\/2014\/07\/charbonniers_2014_5.jpg 400w, https:\/\/www.lembach.fr\/mairie\/wp-content\/uploads\/2014\/07\/charbonniers_2014_5-300x225.jpg 300w\" sizes=\"auto, (max-width: 400px) 100vw, 400px\" \/><\/p>\n<p style=\"text-align: right;\">Source : <big><big><b><span style=\"color: #000099;\"><span style=\"font-family: Lucida Calligraphy;\">S&rsquo;Lemb\u00e0cher Blattel <\/span><\/span><\/b><\/big><\/big><\/p>\n","protected":false},"excerpt":{"rendered":"<p>Du 19 juillet au 3 ao\u00fbt 2014, les Charbonniers du Fleckenstein vous invitent \u00e0 vous plonger dans l\u2019atmosph\u00e8re de ce rude m\u00e9tier qui occupait encore, jusque dans les ann\u00e9es 1950, quelques 150 personnes autour de Lembach. A l\u2019Aire des Charbonniers au pied du Ch\u00e2teau Fort de Fleckenstein venez rencontrer, jour et nuit, les membres de &hellip; <\/p>\n<p><a class=\"more-link btn\" href=\"https:\/\/www.lembach.fr\/mairie\/2014\/07\/10\/charbonniers-programme-2014\/\">Lire la suite<\/a><\/p>\n","protected":false},"author":1,"featured_media":0,"comment_status":"closed","ping_status":"closed","sticky":false,"template":"","format":"standard","meta":{"footnotes":""},"categories":[7],"tags":[],"class_list":["post-2589","post","type-post","status-publish","format-standard","hentry","category-manifestations","item-wrap"],"_links":{"self":[{"href":"https:\/\/www.lembach.fr\/mairie\/wp-json\/wp\/v2\/posts\/2589","targetHints":{"allow":["GET"]}}],"collection":[{"href":"https:\/\/www.lembach.fr\/mairie\/wp-json\/wp\/v2\/posts"}],"about":[{"href":"https:\/\/www.lembach.fr\/mairie\/wp-json\/wp\/v2\/types\/post"}],"author":[{"embeddable":true,"href":"https:\/\/www.lembach.fr\/mairie\/wp-json\/wp\/v2\/users\/1"}],"replies":[{"embeddable":true,"href":"https:\/\/www.lembach.fr\/mairie\/wp-json\/wp\/v2\/comments?post=2589"}],"version-history":[{"count":0,"href":"https:\/\/www.lembach.fr\/mairie\/wp-json\/wp\/v2\/posts\/2589\/revisions"}],"wp:attachment":[{"href":"https:\/\/www.lembach.fr\/mairie\/wp-json\/wp\/v2\/media?parent=2589"}],"wp:term":[{"taxonomy":"category","embeddable":true,"href":"https:\/\/www.lembach.fr\/mairie\/wp-json\/wp\/v2\/categories?post=2589"},{"taxonomy":"post_tag","embeddable":true,"href":"https:\/\/www.lembach.fr\/mairie\/wp-json\/wp\/v2\/tags?post=2589"}],"curies":[{"name":"wp","href":"https:\/\/api.w.org\/{rel}","templated":true}]}}