{"id":2585,"date":"2014-06-26T21:23:43","date_gmt":"2014-06-26T20:23:43","guid":{"rendered":"http:\/\/www.lembach.fr\/mairie\/?p=2585"},"modified":"2014-06-26T21:23:43","modified_gmt":"2014-06-26T20:23:43","slug":"une-matinee-au-verger","status":"publish","type":"post","link":"https:\/\/www.lembach.fr\/mairie\/2014\/06\/26\/une-matinee-au-verger\/","title":{"rendered":"Une matin\u00e9e au verger"},"content":{"rendered":"<p>Dans le cadre du programme z\u00e9ro-phytosanitaire port\u00e9 \u00e0 l\u2019\u00e9chelle du territoire Sauer-Pechelbronn, l\u2019Association des Jardins et Vergers de l\u2019Outre-For\u00eat et la communaut\u00e9 de communes Sauer-Pechelbronn vous invitent \u00e0 :<\/p>\n<div class=\"alert alert-success\" role=\"alert\"><p class=\"printonly\"><strong>Important!<\/strong><\/p>\n<h2 style=\"text-align: center;\">Une matin\u00e9e au verger<br \/>\n<strong><span style=\"color: #ff0000;\">Le samedi 28 juin 2014 de 9h \u00e0 12h<br \/>\n<\/span>Rdv \u00e0 9h devant la mairie de Kutzenhausen<\/strong><\/h2>\n<\/div>\n<p><span style=\"text-decoration: underline;\"><strong>Au programme<\/strong><\/span> :<\/p>\n<ul>\n<li>Comment reconna\u00eetre les maladies et ravageurs des vergers familiaux ?<\/li>\n<\/ul>\n<ul>\n<li>Comment les pr\u00e9venir ?<\/li>\n<\/ul>\n<ul>\n<li>Comment lutter au naturel ?<\/li>\n<\/ul>\n<p><span style=\"text-decoration: underline;\"><strong>Intervenante<\/strong><\/span> : <em><strong>St\u00e9phanie Frey,\u00a0 FREDON Alsace.<\/strong><\/em><\/p>\n<p>Animation ouverte \u00e0 tout public, n\u2019h\u00e9sitez pas \u00e0 diffuser l\u2019information autour de vous !<\/p>\n<p><img loading=\"lazy\" decoding=\"async\" class=\"aligncenter size-full wp-image-2586\" src=\"http:\/\/www.lembach.fr\/mairie\/wp-content\/uploads\/2014\/06\/matinee_au_verger.jpg\" alt=\"matinee_au_verger\" width=\"611\" height=\"834\" srcset=\"https:\/\/www.lembach.fr\/mairie\/wp-content\/uploads\/2014\/06\/matinee_au_verger.jpg 611w, https:\/\/www.lembach.fr\/mairie\/wp-content\/uploads\/2014\/06\/matinee_au_verger-219x300.jpg 219w\" sizes=\"auto, (max-width: 611px) 100vw, 611px\" \/><\/p>\n","protected":false},"excerpt":{"rendered":"<p>Dans le cadre du programme z\u00e9ro-phytosanitaire port\u00e9 \u00e0 l\u2019\u00e9chelle du territoire Sauer-Pechelbronn, l\u2019Association des Jardins et Vergers de l\u2019Outre-For\u00eat et la communaut\u00e9 de communes Sauer-Pechelbronn vous invitent \u00e0 : Au programme : Comment reconna\u00eetre les maladies et ravageurs des vergers familiaux ? Comment les pr\u00e9venir ? Comment lutter au naturel ? Intervenante : St\u00e9phanie Frey,\u00a0 &hellip; <\/p>\n<p><a class=\"more-link btn\" href=\"https:\/\/www.lembach.fr\/mairie\/2014\/06\/26\/une-matinee-au-verger\/\">Lire la suite<\/a><\/p>\n","protected":false},"author":1,"featured_media":0,"comment_status":"closed","ping_status":"closed","sticky":false,"template":"","format":"standard","meta":{"footnotes":""},"categories":[15,11],"tags":[],"class_list":["post-2585","post","type-post","status-publish","format-standard","hentry","category-conferences","category-sorties-et-visites","item-wrap"],"_links":{"self":[{"href":"https:\/\/www.lembach.fr\/mairie\/wp-json\/wp\/v2\/posts\/2585","targetHints":{"allow":["GET"]}}],"collection":[{"href":"https:\/\/www.lembach.fr\/mairie\/wp-json\/wp\/v2\/posts"}],"about":[{"href":"https:\/\/www.lembach.fr\/mairie\/wp-json\/wp\/v2\/types\/post"}],"author":[{"embeddable":true,"href":"https:\/\/www.lembach.fr\/mairie\/wp-json\/wp\/v2\/users\/1"}],"replies":[{"embeddable":true,"href":"https:\/\/www.lembach.fr\/mairie\/wp-json\/wp\/v2\/comments?post=2585"}],"version-history":[{"count":0,"href":"https:\/\/www.lembach.fr\/mairie\/wp-json\/wp\/v2\/posts\/2585\/revisions"}],"wp:attachment":[{"href":"https:\/\/www.lembach.fr\/mairie\/wp-json\/wp\/v2\/media?parent=2585"}],"wp:term":[{"taxonomy":"category","embeddable":true,"href":"https:\/\/www.lembach.fr\/mairie\/wp-json\/wp\/v2\/categories?post=2585"},{"taxonomy":"post_tag","embeddable":true,"href":"https:\/\/www.lembach.fr\/mairie\/wp-json\/wp\/v2\/tags?post=2585"}],"curies":[{"name":"wp","href":"https:\/\/api.w.org\/{rel}","templated":true}]}}