{"id":2571,"date":"2014-06-18T11:50:23","date_gmt":"2014-06-18T10:50:23","guid":{"rendered":"http:\/\/www.lembach.fr\/mairie\/?p=2571"},"modified":"2014-06-18T11:50:45","modified_gmt":"2014-06-18T10:50:45","slug":"voyage-a-letranger","status":"publish","type":"post","link":"https:\/\/www.lembach.fr\/mairie\/2014\/06\/18\/voyage-a-letranger\/","title":{"rendered":"Voyage \u00e0 l&rsquo;\u00e9tranger et CNI"},"content":{"rendered":"<div class=\"alert alert-warning\" role=\"alert\"><p class=\"printonly\"><strong>Warning!<\/strong><\/p>\n<p align=\"CENTER\" class=\"first-p\"><strong><span style=\"color: #ff0000;\"><span style=\"font-size: large;\">DERNIERE MINUTE ! !<\/span><\/span> <\/strong><\/p>\n<\/div>\n<strong>Vous souhaitez voyager \u00e0 l\u2019\u00e9tranger ?<\/strong><\/p>\n<p><strong>Renseignez-vous avant votre d\u00e9part : tous les pays n\u2019acceptent pas la prolongation de validit\u00e9 de 5 ans des Cartes Nationales d\u2019Identit\u00e9 (CNI) sur leur territoire.<\/strong><\/p>\n<p style=\"text-align: left;\">Voici une fiche du site Service-public.fr qui fait le point sur les pays qui acceptent et ceux qui n&rsquo;acceptent pas la CNI prolong\u00e9e de 5 ans \u00e0 l&rsquo;entr\u00e9e sur leur territoire.<br \/>\nCes informations sont susceptibles de modifications \u00e0 tout moment; il vaut mieux consulter le site Service-public.fr rubrique \u201dconseils aux voyageurs\u00a0\u00bb avant votre d\u00e9part.<\/p>\n<p style=\"text-align: center;\"><a href=\"http:\/\/www.service-public.fr\/actualites\/003118.html\">http:\/\/www.service-public.fr\/actualites\/003118.html<\/a><\/p>\n<p style=\"text-align: center;\"><img loading=\"lazy\" decoding=\"async\" class=\"aligncenter wp-image-756 size-full\" src=\"http:\/\/www.lembach.fr\/mairie\/wp-content\/uploads\/2012\/05\/carte_identite.gif\" alt=\"carte_identite\" width=\"200\" height=\"146\" \/><\/p>\n","protected":false},"excerpt":{"rendered":"<p>Vous souhaitez voyager \u00e0 l\u2019\u00e9tranger ? Renseignez-vous avant votre d\u00e9part : tous les pays n\u2019acceptent pas la prolongation de validit\u00e9 de 5 ans des Cartes Nationales d\u2019Identit\u00e9 (CNI) sur leur territoire. Voici une fiche du site Service-public.fr qui fait le point sur les pays qui acceptent et ceux qui n&rsquo;acceptent pas la CNI prolong\u00e9e de &hellip; <\/p>\n<p><a class=\"more-link btn\" href=\"https:\/\/www.lembach.fr\/mairie\/2014\/06\/18\/voyage-a-letranger\/\">Lire la suite<\/a><\/p>\n","protected":false},"author":1,"featured_media":0,"comment_status":"closed","ping_status":"closed","sticky":false,"template":"","format":"standard","meta":{"footnotes":""},"categories":[14],"tags":[],"class_list":["post-2571","post","type-post","status-publish","format-standard","hentry","category-administratif","item-wrap"],"_links":{"self":[{"href":"https:\/\/www.lembach.fr\/mairie\/wp-json\/wp\/v2\/posts\/2571","targetHints":{"allow":["GET"]}}],"collection":[{"href":"https:\/\/www.lembach.fr\/mairie\/wp-json\/wp\/v2\/posts"}],"about":[{"href":"https:\/\/www.lembach.fr\/mairie\/wp-json\/wp\/v2\/types\/post"}],"author":[{"embeddable":true,"href":"https:\/\/www.lembach.fr\/mairie\/wp-json\/wp\/v2\/users\/1"}],"replies":[{"embeddable":true,"href":"https:\/\/www.lembach.fr\/mairie\/wp-json\/wp\/v2\/comments?post=2571"}],"version-history":[{"count":0,"href":"https:\/\/www.lembach.fr\/mairie\/wp-json\/wp\/v2\/posts\/2571\/revisions"}],"wp:attachment":[{"href":"https:\/\/www.lembach.fr\/mairie\/wp-json\/wp\/v2\/media?parent=2571"}],"wp:term":[{"taxonomy":"category","embeddable":true,"href":"https:\/\/www.lembach.fr\/mairie\/wp-json\/wp\/v2\/categories?post=2571"},{"taxonomy":"post_tag","embeddable":true,"href":"https:\/\/www.lembach.fr\/mairie\/wp-json\/wp\/v2\/tags?post=2571"}],"curies":[{"name":"wp","href":"https:\/\/api.w.org\/{rel}","templated":true}]}}