{"id":2516,"date":"2014-05-18T11:18:17","date_gmt":"2014-05-18T10:18:17","guid":{"rendered":"http:\/\/www.lembach.fr\/mairie\/?p=2516"},"modified":"2014-05-18T12:35:17","modified_gmt":"2014-05-18T11:35:17","slug":"pourquoi-leurope","status":"publish","type":"post","link":"https:\/\/www.lembach.fr\/mairie\/2014\/05\/18\/pourquoi-leurope\/","title":{"rendered":"Pourquoi l&rsquo;Europe !"},"content":{"rendered":"<p style=\"text-align: left;\"><img loading=\"lazy\" decoding=\"async\" class=\"alignleft wp-image-2523 size-full\" style=\"border: 0px none;\" src=\"http:\/\/www.lembach.fr\/mairie\/wp-content\/uploads\/2014\/05\/europe2.jpg\" alt=\"europe2\" width=\"150\" height=\"82\" \/>En 1949 na\u00eet le Conseil de l\u2019Europe (si\u00e8ge \u00e0 Strasbourg). 47 \u00e9tats membres signent une convention par laquelle ils s\u2019engagent \u00e0 prot\u00e9ger les droits de l\u2019homme, la d\u00e9mocratie et l\u2019\u00e9tat de droit.<\/p>\n<p style=\"text-align: left;\">En 1957 six pays : le Luxembourg, la Belgique, les Pays-Bas, l\u2019Italie, l\u2019Allemagne et la France cr\u00e9ent la communaut\u00e9 europ\u00e9enne, \u00e9manation de la communaut\u00e9 europ\u00e9enne de l\u2019acier et du charbon. Quelques ann\u00e9es plus tard le mur de Berlin est construit coupant le continent en deux. En 1989 la chute du mur favorise les efforts de stabilisation de la paix, mais la guerre fait encore rage dans les Balkans.<\/p>\n<p style=\"text-align: left;\">Aujourd\u2019hui 28 pays forment la communaut\u00e9 europ\u00e9enne \u00e0 l\u2019int\u00e9rieur de laquelle la paix s\u2019est consolid\u00e9e. Les pays qui ont rejoint les six pionniers ont tous compris que leur d\u00e9mocratie souvent fragile ne peut se renforcer qu\u2019avec l\u2019engagement du travail en commun, une n\u00e9cessaire \u00e9volution politique, le libre \u00e9change.<\/p>\n<p style=\"text-align: left;\">Cette situation est aujourd\u2019hui si \u00e9vidente qu\u2019on oublie combien d\u2019efforts il aura fallu pour la cr\u00e9er, combien d\u2019ann\u00e9es ont pass\u00e9 avant qu\u2019on y arrive.<br \/>\nNe soyons donc pas trop press\u00e9s pour voir de nouvelles \u00e9tapes se concr\u00e9tiser. Nos histoires, nos cultures, nos identit\u00e9s se sont forg\u00e9es \u00e0 l\u2019int\u00e9rieur de fronti\u00e8res, ennemies de la tol\u00e9rance qui s\u2019av\u00e8re pourtant indispensable pour construire ensemble.<\/p>\n<p style=\"text-align: left;\">Alors oui, il n\u2019est sans doute pas normal qu\u2019un fonctionnaire europ\u00e9en gagne 10 fois le smic fran\u00e7ais, qu\u2019un parlementaire europ\u00e9en soit en m\u00eame temps premier secr\u00e9taire d\u2019un parti de son pays, que le Parlement si\u00e8ge une fois \u00e0 Strasbourg et l\u2019autre \u00e0 Bruxelles, que le probl\u00e8me fiscal des travailleurs frontaliers ne soit pas r\u00e9gl\u00e9 etc\u2026. Mais diable ne parlons pas de sortir de l\u2019Europe ! Cela \u00e9quivaudrait \u00e0 un suicide.<\/p>\n<p style=\"text-align: left;\">R\u00e9flexion faite je me dis aujourd\u2019hui : la premi\u00e8re \u00e9tape de la construction europ\u00e9enne a peut-\u00eatre \u00e9t\u00e9 la plus facile. L\u2019objectif \u00e9tait clair : la paix. Il \u00e9tait d\u00e9fendu par une poign\u00e9e de visionnaires et de grands hommes politiques, humanistes et f\u00e9d\u00e9ralistes. La seconde, celle sur laquelle les \u00e9tats travaillent \u00e0 savoir l\u2019Europe politique et sociale qui puisse garantir la durabilit\u00e9 de la paix et donner au monde l\u2019image d\u2019un continent fort et uni , est plus compliqu\u00e9e car li\u00e9e au porte-monnaie des citoyens. A c\u00f4t\u00e9 de cela il manque cruellement \u00e0 notre Europe de grands avocats. En France Jacques Delors n\u2019a pas \u00e9t\u00e9 remplac\u00e9, m\u00eame si notre Pr\u00e9sident a sign\u00e9 un beau plaidoyer dans \u00ab Le Monde \u00bb du 8 mai dernier. En Allemagne Cohn Bendit \u00e9tait trop pol\u00e9miste. Angela Merkel donne l\u2019image d\u2019une gestionnaire et non d\u2019une missionnaire pour l\u2019Europe.<\/p>\n<p>Malgr\u00e9 cela le 25 mai : <em><strong>Votons pour l\u2019Europe ! Votons l\u2019Europe !<\/strong><\/em><\/p>\n<p style=\"text-align: right;\">C. Schlosser.<\/p>\n<p style=\"text-align: left;\"><strong>ZUM THEMA \u00ab EUROPAW\u00c0HL \u00bb<\/strong><\/p>\n<p>Zitter e p\u00e0\u00e0r Johr gibt\u2019s e nejes W\u00e0rt : Euroskeptiker. Des W\u00e0rt betrafft Litt, wie nemmeh \u00e0n Europ\u00e0 glaawe. Un des \u00fcs verschedene Griend. De Haaptgrund isch w\u00e0hrschins, waj Europ\u00e0 im Kopf vun viele unsri Probleme rejle sott un nitt rejelt ; waj Europa ze viel koscht un nit genung bringt ; waj Europ\u00e0 zeviel G\u2019setzter m\u00e0cht, sich \u00e0wer net um unsre Alld\u00e0\u00e0 kimmert ; waj Europa ze gross isch, un d\u2019Riiche fer d\u2019Arme bez\u00e0hle messe ; waj durch Europa d\u2019Granze verschwunde sin un s\u2019Laawe unsicherer w\u00e0rre isch\u2026.<br \/>\nDie Positione k\u00e0nn m\u2019r schun \u00e0lli verstehn. In unsrem L\u00e0nd h\u00e0n d\u2019Euroskeptiker es sowitt gebrocht, d\u00e0ss m\u2019r 2005 geje d\u2019Veraanb\u00e0rung gew\u00e4hlt h\u00e0n, w\u00e0s uf politischer Ewene Europa kolossal gebramst h\u00e0t. Es d\u00e4rft jetzt net b\u00e0ssiere, d\u00e0ss die nej Wall vun Litt, wu Europa widerrufe, s\u2019Fundemant vum H\u00fcs Europa \u00e0ngrifft un derm\u00e0sse fragilisiert, d\u00e0ss des H\u00fcs \u00e0m e scheene D\u00e0\u00e0 umf\u00e0llt.<br \/>\nIn de Vordergrund vun de n\u00e4gschte Daj sodde d\u2019Bilder vum Monnet un vum Schumann, vum De Gaulle un vum Adenauer, vum Delors un vum Brandt stehn. So ch\u00e0r\u00e0ktervolle Persenlichkaate f\u00e4hle uns, fer s\u2019Schiff Europa ze fiehre. Gewiss, sie h\u00e4tte d\u2019salb Mieh, die 28 Lander \u00e0m salwe Str\u00e0ng zijje ze m\u00e0che (mit 6 isch \u2018s lichter gewann) ; gewiss, sie misste aa so m\u00e0ncher Kompromiss iengehn. Doch d\u00e4tte sie sich meh fer e klori Zielsetzung vum Europa vum Johr 2025 iensetze. W\u00e4rd e Junker oder e Schulz es ferdich bringe, d\u2019Kollege zum e neje Uffschwung ze ewerzejje ? Hoffe m\u2019rs, dann Europa br\u00fccht\u2019s un mir br\u00fcche e st\u00e0rikes Europa !<img loading=\"lazy\" decoding=\"async\" class=\"aligncenter size-full wp-image-2518\" src=\"http:\/\/www.lembach.fr\/mairie\/wp-content\/uploads\/2014\/05\/europe.jpg\" alt=\"Drapeau sur carte d'Europe\" width=\"300\" height=\"273\" \/><\/p>\n","protected":false},"excerpt":{"rendered":"<p>En 1949 na\u00eet le Conseil de l\u2019Europe (si\u00e8ge \u00e0 Strasbourg). 47 \u00e9tats membres signent une convention par laquelle ils s\u2019engagent \u00e0 prot\u00e9ger les droits de l\u2019homme, la d\u00e9mocratie et l\u2019\u00e9tat de droit. En 1957 six pays : le Luxembourg, la Belgique, les Pays-Bas, l\u2019Italie, l\u2019Allemagne et la France cr\u00e9ent la communaut\u00e9 europ\u00e9enne, \u00e9manation de la &hellip; <\/p>\n<p><a class=\"more-link btn\" href=\"https:\/\/www.lembach.fr\/mairie\/2014\/05\/18\/pourquoi-leurope\/\">Lire la suite<\/a><\/p>\n","protected":false},"author":1,"featured_media":0,"comment_status":"closed","ping_status":"closed","sticky":false,"template":"","format":"standard","meta":{"footnotes":""},"categories":[14],"tags":[],"class_list":["post-2516","post","type-post","status-publish","format-standard","hentry","category-administratif","item-wrap"],"_links":{"self":[{"href":"https:\/\/www.lembach.fr\/mairie\/wp-json\/wp\/v2\/posts\/2516","targetHints":{"allow":["GET"]}}],"collection":[{"href":"https:\/\/www.lembach.fr\/mairie\/wp-json\/wp\/v2\/posts"}],"about":[{"href":"https:\/\/www.lembach.fr\/mairie\/wp-json\/wp\/v2\/types\/post"}],"author":[{"embeddable":true,"href":"https:\/\/www.lembach.fr\/mairie\/wp-json\/wp\/v2\/users\/1"}],"replies":[{"embeddable":true,"href":"https:\/\/www.lembach.fr\/mairie\/wp-json\/wp\/v2\/comments?post=2516"}],"version-history":[{"count":0,"href":"https:\/\/www.lembach.fr\/mairie\/wp-json\/wp\/v2\/posts\/2516\/revisions"}],"wp:attachment":[{"href":"https:\/\/www.lembach.fr\/mairie\/wp-json\/wp\/v2\/media?parent=2516"}],"wp:term":[{"taxonomy":"category","embeddable":true,"href":"https:\/\/www.lembach.fr\/mairie\/wp-json\/wp\/v2\/categories?post=2516"},{"taxonomy":"post_tag","embeddable":true,"href":"https:\/\/www.lembach.fr\/mairie\/wp-json\/wp\/v2\/tags?post=2516"}],"curies":[{"name":"wp","href":"https:\/\/api.w.org\/{rel}","templated":true}]}}