{"id":2356,"date":"2014-03-05T19:45:32","date_gmt":"2014-03-05T18:45:32","guid":{"rendered":"http:\/\/www.lembach.fr\/mairie\/?p=2356"},"modified":"2014-03-05T19:52:23","modified_gmt":"2014-03-05T18:52:23","slug":"elections-municipales-2014","status":"publish","type":"post","link":"https:\/\/www.lembach.fr\/mairie\/2014\/03\/05\/elections-municipales-2014\/","title":{"rendered":"\u00c9lections municipales 2014"},"content":{"rendered":"<p style=\"text-align: center;\">\n<p style=\"text-align: center;\"><img loading=\"lazy\" decoding=\"async\" class=\"aligncenter  wp-image-2366\" style=\"border: 0px none;\" alt=\"elections_municipales_1\" src=\"http:\/\/www.lembach.fr\/mairie\/wp-content\/uploads\/2014\/03\/elections_municipales_1.png\" width=\"400\" height=\"183\" srcset=\"https:\/\/www.lembach.fr\/mairie\/wp-content\/uploads\/2014\/03\/elections_municipales_1.png 400w, https:\/\/www.lembach.fr\/mairie\/wp-content\/uploads\/2014\/03\/elections_municipales_1-300x137.png 300w\" sizes=\"auto, (max-width: 400px) 100vw, 400px\" \/><\/p>\n<p style=\"text-align: center;\"><span style=\"font-size: large;\"><strong><span style=\"font-size: x-large;\">23 \u2013 30 mars 2014<\/span><\/strong><\/span><\/p>\n<p style=\"text-align: center;\"><span style=\"font-size: x-large; color: #ff0000;\"> <strong>Le mode de scrutin change dans notre commune<\/strong><\/span><\/p>\n<p style=\"text-align: left;\">Les<strong> CONSEILLERS MUNICIPAUX<\/strong> ne sont plus \u00e9lus au scrutin majoritaire comme en 2008 et avant mais au scrutin de liste bloqu\u00e9e.<br \/>\nVous ne pouvez donc plus :<\/p>\n<ul>\n<li><span style=\"color: #ff0000;\"><strong>ni ajouter de noms<\/strong><\/span><\/li>\n<\/ul>\n<ul>\n<li><strong><span style=\"color: #ff0000;\">ni retirer des noms<\/span><\/strong><\/li>\n<\/ul>\n<p style=\"text-align: left;\">Vous voterez en faveur d\u2019une liste que <strong>vous ne pouvez pas modifier<\/strong>. Si vous le faites<strong> votre bulletin sera nul<\/strong>.<\/p>\n<p><strong>Vous \u00e9lirez aussi TROIS CONSEILLERS COMMUNAUTAIRES.<\/strong><br \/>\nLes noms des trois candidats figureront sur le m\u00eame bulletin de vote mais sur une colonne \u00e0 part. Votre bulletin sera donc compos\u00e9 de <strong>deux listes<\/strong> : une avec <strong>19 noms pour le conseil municipal de Lembach<\/strong> et une avec <strong>3 noms pour le conseil communautaire de la communaut\u00e9 de communes Sauer-Pechelbronn.<\/strong><\/p>\n<p><span style=\"text-decoration: underline;\">Ce qui est nouveau<\/span> :<\/p>\n<ul>\n<li><span style=\"color: #ff0000;\"><strong>Les candidats doivent se d\u00e9clarer \u00e0 la Sous-Pr\u00e9fecture<\/strong><\/span><\/li>\n<\/ul>\n<ul>\n<li><span style=\"color: #ff0000;\"><strong>Il est impossible de voter pour une personne non candidate<\/strong><\/span><\/li>\n<\/ul>\n<ul>\n<li><span style=\"color: #ff0000;\"><strong>Une modification des listes signifie que le bulletin est nul<\/strong><\/span><\/li>\n<\/ul>\n<ul>\n<li><span style=\"color: #ff0000;\"><strong>Les conseillers communautaires sont \u00e9lus directement par les \u00e9lecteurs<\/strong><\/span><\/li>\n<\/ul>\n<ul>\n<li><span style=\"color: #ff0000;\"><strong>Il faut vous munir d\u2019une pi\u00e8ce d\u2019identit\u00e9<\/strong><\/span><\/li>\n<\/ul>\n<p style=\"text-align: left;\"><span style=\"color: #000000;\"><span style=\"text-decoration: underline;\">Il y aura deux bureaux de vote comme d\u2019habitude<\/span> : <strong>n\u00b0 1 \u00e0 Lembach<\/strong> et <strong>n\u00b02 \u00e0 Mattstall<\/strong>.<\/span><\/p>\n<p style=\"text-align: left;\"><span style=\"color: #000000;\">Si vous avez des questions, adressez-vous \u00e0 la mairie ou envoyez un mail \u00e0 <strong><a href=\"mailto:\/\/mairie@lembach.fr\">mairie@lembach.fr<\/a><\/strong><\/span><\/p>\n<p style=\"text-align: center;\"><img loading=\"lazy\" decoding=\"async\" class=\"aligncenter size-full wp-image-2359\" style=\"border: 0px none;\" alt=\"elections_municipales_2\" src=\"http:\/\/www.lembach.fr\/mairie\/wp-content\/uploads\/2014\/03\/elections_municipales_2.jpg\" width=\"500\" height=\"160\" srcset=\"https:\/\/www.lembach.fr\/mairie\/wp-content\/uploads\/2014\/03\/elections_municipales_2.jpg 500w, https:\/\/www.lembach.fr\/mairie\/wp-content\/uploads\/2014\/03\/elections_municipales_2-300x96.jpg 300w\" sizes=\"auto, (max-width: 500px) 100vw, 500px\" \/><\/p>\n","protected":false},"excerpt":{"rendered":"<p>23 \u2013 30 mars 2014 Le mode de scrutin change dans notre commune Les CONSEILLERS MUNICIPAUX ne sont plus \u00e9lus au scrutin majoritaire comme en 2008 et avant mais au scrutin de liste bloqu\u00e9e. Vous ne pouvez donc plus : ni ajouter de noms ni retirer des noms Vous voterez en faveur d\u2019une liste que &hellip; <\/p>\n<p><a class=\"more-link btn\" href=\"https:\/\/www.lembach.fr\/mairie\/2014\/03\/05\/elections-municipales-2014\/\">Lire la suite<\/a><\/p>\n","protected":false},"author":1,"featured_media":0,"comment_status":"closed","ping_status":"closed","sticky":false,"template":"","format":"standard","meta":{"footnotes":""},"categories":[14],"tags":[],"class_list":["post-2356","post","type-post","status-publish","format-standard","hentry","category-administratif","item-wrap"],"_links":{"self":[{"href":"https:\/\/www.lembach.fr\/mairie\/wp-json\/wp\/v2\/posts\/2356","targetHints":{"allow":["GET"]}}],"collection":[{"href":"https:\/\/www.lembach.fr\/mairie\/wp-json\/wp\/v2\/posts"}],"about":[{"href":"https:\/\/www.lembach.fr\/mairie\/wp-json\/wp\/v2\/types\/post"}],"author":[{"embeddable":true,"href":"https:\/\/www.lembach.fr\/mairie\/wp-json\/wp\/v2\/users\/1"}],"replies":[{"embeddable":true,"href":"https:\/\/www.lembach.fr\/mairie\/wp-json\/wp\/v2\/comments?post=2356"}],"version-history":[{"count":0,"href":"https:\/\/www.lembach.fr\/mairie\/wp-json\/wp\/v2\/posts\/2356\/revisions"}],"wp:attachment":[{"href":"https:\/\/www.lembach.fr\/mairie\/wp-json\/wp\/v2\/media?parent=2356"}],"wp:term":[{"taxonomy":"category","embeddable":true,"href":"https:\/\/www.lembach.fr\/mairie\/wp-json\/wp\/v2\/categories?post=2356"},{"taxonomy":"post_tag","embeddable":true,"href":"https:\/\/www.lembach.fr\/mairie\/wp-json\/wp\/v2\/tags?post=2356"}],"curies":[{"name":"wp","href":"https:\/\/api.w.org\/{rel}","templated":true}]}}