{"id":2350,"date":"2014-03-05T18:54:02","date_gmt":"2014-03-05T17:54:02","guid":{"rendered":"http:\/\/www.lembach.fr\/mairie\/?p=2350"},"modified":"2014-03-05T22:01:32","modified_gmt":"2014-03-05T21:01:32","slug":"conference-fin-de-vie","status":"publish","type":"post","link":"https:\/\/www.lembach.fr\/mairie\/2014\/03\/05\/conference-fin-de-vie\/","title":{"rendered":"Conf\u00e9rence \u00ab\u00a0Fin de vie\u00a0\u00bb"},"content":{"rendered":"<p style=\"text-align: left;\">La question de la fin de vie vous int\u00e9resse ? que sont les \u00ab directives anticip\u00e9es \u00bb ? \u00c0 quoi servent-elles ? Comment les r\u00e9diger ? Qu\u2019est-ce qu\u2019une\u00a0 \u00ab personne de confiance \u00bb ? Comment la nommer ? Pourquoi ?<\/p>\n<p><span style=\"font-size: medium;\">Tous ces sujets vous interpellent pour vous-m\u00eame, votre conjoint(e), vos proches ?<\/span><br \/>\n<span style=\"font-size: medium;\"> Ils seront expliqu\u00e9s, d\u00e9battus lors d\u2019une soir\u00e9e d\u2019informations le :<\/span><\/p>\n<div class=\"alert alert-success\" role=\"alert\"><p class=\"printonly\"><strong>Important!<\/strong><\/p>\n<p align=\"CENTER\" class=\"first-p\"><strong><span style=\"font-size: large;\">Jeudi 10 avril 2014<\/span><\/strong><\/p>\n<p align=\"CENTER\"><strong><span style=\"font-size: large;\">\u00e0 19h<\/span><\/strong><\/p>\n<p align=\"CENTER\"><strong><span style=\"font-size: large;\">\u00e0 la salle de la Mairie<\/span><\/strong><\/p>\n<\/div>\n<p><span style=\"font-size: medium;\">par une \u00e9quipe du \u00ab r\u00e9seau alsacien de soins palliatifs \u00bb (m\u00e9decin, cadre, infirmi\u00e8re).<\/span><\/p>\n<p>La <span style=\"text-decoration: underline;\"><strong><a href=\"http:\/\/www.legifrance.gouv.fr\/affichTexte.do?cidTexte=JORFTEXT000000446240&amp;dateTexte=vig\" target=\"_blank\">loi L\u00e9onetti du 22 avril 2005<\/a><\/strong><\/span> sera expliqu\u00e9e, elle nous concerne tous et pourtant elle est peu, connue tant du grand public que des professionnels de sant\u00e9.<\/p>\n<p>Elle concerne le droit des malades <strong>ET<\/strong> de la fin de vie :<\/p>\n<ul>\n<li>elle condamne l\u2019obstination d\u00e9raisonnable (ou acharnement th\u00e9rapeutique)<\/li>\n<\/ul>\n<ul>\n<li>elle donne droit \u00e0 tout patient de refuser un traitement<\/li>\n<\/ul>\n<ul>\n<li>elle pr\u00e9cise que tous les moyens th\u00e9rapeutiques doivent \u00eatre mis en \u0153uvre par les m\u00e9decins pour soulager la douleur<\/li>\n<\/ul>\n<ul>\n<li>elle permet \u00e0 chacun d\u2019exprimer \u00e0 l\u2019avance ses souhaits concernant l\u2019organisation de sa fin de vie (directives anticip\u00e9es, personne de confiance)<\/li>\n<\/ul>\n<ul>\n<li>si un malade est inconscient et dans l\u2019incapacit\u00e9 de donner son avis, l\u2019arr\u00eat ou la limitation du traitement ne peut \u00eatre d\u00e9cid\u00e9 que dans le cadre d\u2019une proc\u00e9dure coll\u00e9giale et apr\u00e8s consultation d\u2019un proche ou d\u2019une \u00ab personne de confiance \u00bb pr\u00e9alablement d\u00e9sign\u00e9e par le malade.<\/li>\n<\/ul>\n<p>Cette loi concerne donc toute personne en bonne sant\u00e9 ou au d\u00e9but d\u2019une maladie et non seulement les personnes \u00e2g\u00e9es ou les personnes en fin de vie.<\/p>\n<p>Durant cette soir\u00e9e pourraient \u00e9galement \u00eatre abord\u00e9s des sujets plus pol\u00e9miques tels l\u2019euthanasie ou le suicide assist\u00e9, sachant que le d\u00e9bat est en cours et que rien n\u2019est act\u00e9 \u00e0 ce sujet. Il n\u2019existe pas \u00ab une fin de vie \u00bb, mais \u00ab des fins de vie \u00bb. Ne laissons pas voler la n\u00f4tre, soyons-en acteur jusqu\u2019au bout.<\/p>\n<p style=\"text-align: right;\">Marie Claude Filser<\/p>\n<p style=\"text-align: center;\"><img loading=\"lazy\" decoding=\"async\" class=\"aligncenter size-full wp-image-2352\" style=\"border: 0px none;\" alt=\"findevie\" src=\"http:\/\/www.lembach.fr\/mairie\/wp-content\/uploads\/2014\/03\/findevie.jpg\" width=\"346\" height=\"146\" srcset=\"https:\/\/www.lembach.fr\/mairie\/wp-content\/uploads\/2014\/03\/findevie.jpg 346w, https:\/\/www.lembach.fr\/mairie\/wp-content\/uploads\/2014\/03\/findevie-300x126.jpg 300w\" sizes=\"auto, (max-width: 346px) 100vw, 346px\" \/><\/p>\n","protected":false},"excerpt":{"rendered":"<p>La question de la fin de vie vous int\u00e9resse ? que sont les \u00ab directives anticip\u00e9es \u00bb ? \u00c0 quoi servent-elles ? Comment les r\u00e9diger ? Qu\u2019est-ce qu\u2019une\u00a0 \u00ab personne de confiance \u00bb ? Comment la nommer ? Pourquoi ? Tous ces sujets vous interpellent pour vous-m\u00eame, votre conjoint(e), vos proches ? Ils seront expliqu\u00e9s, &hellip; <\/p>\n<p><a class=\"more-link btn\" href=\"https:\/\/www.lembach.fr\/mairie\/2014\/03\/05\/conference-fin-de-vie\/\">Lire la suite<\/a><\/p>\n","protected":false},"author":1,"featured_media":0,"comment_status":"closed","ping_status":"closed","sticky":false,"template":"","format":"standard","meta":{"footnotes":""},"categories":[15],"tags":[],"class_list":["post-2350","post","type-post","status-publish","format-standard","hentry","category-conferences","item-wrap"],"_links":{"self":[{"href":"https:\/\/www.lembach.fr\/mairie\/wp-json\/wp\/v2\/posts\/2350","targetHints":{"allow":["GET"]}}],"collection":[{"href":"https:\/\/www.lembach.fr\/mairie\/wp-json\/wp\/v2\/posts"}],"about":[{"href":"https:\/\/www.lembach.fr\/mairie\/wp-json\/wp\/v2\/types\/post"}],"author":[{"embeddable":true,"href":"https:\/\/www.lembach.fr\/mairie\/wp-json\/wp\/v2\/users\/1"}],"replies":[{"embeddable":true,"href":"https:\/\/www.lembach.fr\/mairie\/wp-json\/wp\/v2\/comments?post=2350"}],"version-history":[{"count":0,"href":"https:\/\/www.lembach.fr\/mairie\/wp-json\/wp\/v2\/posts\/2350\/revisions"}],"wp:attachment":[{"href":"https:\/\/www.lembach.fr\/mairie\/wp-json\/wp\/v2\/media?parent=2350"}],"wp:term":[{"taxonomy":"category","embeddable":true,"href":"https:\/\/www.lembach.fr\/mairie\/wp-json\/wp\/v2\/categories?post=2350"},{"taxonomy":"post_tag","embeddable":true,"href":"https:\/\/www.lembach.fr\/mairie\/wp-json\/wp\/v2\/tags?post=2350"}],"curies":[{"name":"wp","href":"https:\/\/api.w.org\/{rel}","templated":true}]}}