{"id":2329,"date":"2014-04-24T16:53:02","date_gmt":"2014-04-24T15:53:02","guid":{"rendered":"http:\/\/www.lembach.fr\/mairie\/?p=2329"},"modified":"2014-04-30T19:21:04","modified_gmt":"2014-04-30T18:21:04","slug":"50-ans-des-stations-vertes","status":"publish","type":"post","link":"https:\/\/www.lembach.fr\/mairie\/2014\/04\/24\/50-ans-des-stations-vertes\/","title":{"rendered":"50 ans des Stations Vertes"},"content":{"rendered":"<div class=\"alert alert-success\" role=\"alert\"><p class=\"printonly\"><strong>Important!<\/strong><\/p>\n<p align=\"CENTER\" class=\"first-p\"><strong><span style=\"font-size: large;\">F\u00eate de la<\/span><\/strong><\/p>\n<p align=\"CENTER\"><strong><span style=\"font-size: large;\">F\u00e9d\u00e9ration fran\u00e7aise des Stations Vertes<\/span><\/strong><\/p>\n<p align=\"CENTER\"><strong><span style=\"font-size: large;\">le 11 mai 2014<\/span><\/strong><\/p>\n<\/div>\n<p style=\"text-align: center;\"><img loading=\"lazy\" decoding=\"async\" class=\"aligncenter size-full wp-image-2473\" src=\"http:\/\/www.lembach.fr\/mairie\/wp-content\/uploads\/2014\/04\/50_ans_station_verte.jpg\" alt=\"50_ans_station_verte\" width=\"500\" height=\"707\" srcset=\"https:\/\/www.lembach.fr\/mairie\/wp-content\/uploads\/2014\/04\/50_ans_station_verte.jpg 500w, https:\/\/www.lembach.fr\/mairie\/wp-content\/uploads\/2014\/04\/50_ans_station_verte-212x300.jpg 212w\" sizes=\"auto, (max-width: 500px) 100vw, 500px\" \/><a href=\"http:\/\/www.lembach.fr\/mairie\/wp-content\/uploads\/2014\/04\/brochure-50-ans-sv.pdf\" target=\"_blank\"><img loading=\"lazy\" decoding=\"async\" class=\"aligncenter size-full wp-image-2481\" src=\"http:\/\/www.lembach.fr\/mairie\/wp-content\/uploads\/2014\/04\/programme_50ans_station_verte.jpg\" alt=\"programme_50ans_station_verte\" width=\"640\" height=\"447\" srcset=\"https:\/\/www.lembach.fr\/mairie\/wp-content\/uploads\/2014\/04\/programme_50ans_station_verte.jpg 640w, https:\/\/www.lembach.fr\/mairie\/wp-content\/uploads\/2014\/04\/programme_50ans_station_verte-300x209.jpg 300w\" sizes=\"auto, (max-width: 640px) 100vw, 640px\" \/><\/a>Vous pouvez t\u00e9l\u00e9charger la brochure au format PDF en cliquant sur l&rsquo;image ci-dessus ou <a href=\"http:\/\/www.lembach.fr\/mairie\/wp-content\/uploads\/2014\/04\/brochure-50-ans-sv.pdf\" target=\"_blank\">-&gt; ICI &lt;-<\/a><\/p>\n<p style=\"text-align: center;\">\n","protected":false},"excerpt":{"rendered":"<p>Vous pouvez t\u00e9l\u00e9charger la brochure au format PDF en cliquant sur l&rsquo;image ci-dessus ou -&gt; ICI &lt;-<\/p>\n","protected":false},"author":1,"featured_media":0,"comment_status":"closed","ping_status":"closed","sticky":false,"template":"","format":"standard","meta":{"footnotes":""},"categories":[7],"tags":[],"class_list":["post-2329","post","type-post","status-publish","format-standard","hentry","category-manifestations","item-wrap"],"_links":{"self":[{"href":"https:\/\/www.lembach.fr\/mairie\/wp-json\/wp\/v2\/posts\/2329","targetHints":{"allow":["GET"]}}],"collection":[{"href":"https:\/\/www.lembach.fr\/mairie\/wp-json\/wp\/v2\/posts"}],"about":[{"href":"https:\/\/www.lembach.fr\/mairie\/wp-json\/wp\/v2\/types\/post"}],"author":[{"embeddable":true,"href":"https:\/\/www.lembach.fr\/mairie\/wp-json\/wp\/v2\/users\/1"}],"replies":[{"embeddable":true,"href":"https:\/\/www.lembach.fr\/mairie\/wp-json\/wp\/v2\/comments?post=2329"}],"version-history":[{"count":0,"href":"https:\/\/www.lembach.fr\/mairie\/wp-json\/wp\/v2\/posts\/2329\/revisions"}],"wp:attachment":[{"href":"https:\/\/www.lembach.fr\/mairie\/wp-json\/wp\/v2\/media?parent=2329"}],"wp:term":[{"taxonomy":"category","embeddable":true,"href":"https:\/\/www.lembach.fr\/mairie\/wp-json\/wp\/v2\/categories?post=2329"},{"taxonomy":"post_tag","embeddable":true,"href":"https:\/\/www.lembach.fr\/mairie\/wp-json\/wp\/v2\/tags?post=2329"}],"curies":[{"name":"wp","href":"https:\/\/api.w.org\/{rel}","templated":true}]}}