{"id":2290,"date":"2014-01-24T13:04:26","date_gmt":"2014-01-24T12:04:26","guid":{"rendered":"http:\/\/www.lembach.fr\/mairie\/?p=2290"},"modified":"2014-01-24T13:09:27","modified_gmt":"2014-01-24T12:09:27","slug":"vente-de-bois-de-chauffage","status":"publish","type":"post","link":"https:\/\/www.lembach.fr\/mairie\/2014\/01\/24\/vente-de-bois-de-chauffage\/","title":{"rendered":"Vente de bois de chauffage"},"content":{"rendered":"<p><span style=\"text-decoration: underline;\"><strong><span style=\"font-size: medium;\">La commune de LEMBACH propose \u00e0 la vente \u00e0 l\u2019amiable, des lots de bois :<\/span><\/strong><\/span><\/p>\n<ul>\n<li>Bois d\u2019industrie toute longueur, d\u00e9bard\u00e9s \u00e0 port de camion :<br \/>\n&#8211; h\u00eatre, charme : 45 \u20ac Euros le m3 HT<br \/>\n&#8211; ch\u00eane + autres feuillus\u00a0 : 43 \u20ac\u00a0 le m3 HT<\/li>\n<\/ul>\n<ul>\n<li>Cession de st\u00e8res:<br \/>\n&#8211; h\u00eatre : 52 \u20ac<br \/>\n&#8211; ch\u00eane : 52 \u20ac<\/li>\n<\/ul>\n<p><span style=\"text-decoration: underline;\"><strong><span style=\"font-size: medium;\">La commune de LEMBACH-MATTSTALL, proc\u00e8de \u00e0 la vente \u00e0 l\u2019amiable de coupes sur pied de bois fa\u00e7onn\u00e9s :<\/span><\/strong><\/span><\/p>\n<ul>\n<li>Cession sur pied\u00a0 :<br \/>\n&#8211; h\u00eatre et ch\u00eane : 12 \u20ac<\/li>\n<\/ul>\n<ul>\n<li>Houppier :<br \/>\n&#8211; h\u00eatre : 6 \u20ac<br \/>\n&#8211; ch\u00eane : 4 \u20ac<\/li>\n<\/ul>\n<p>Pour toute commande s\u2019adresser \u00e0 :<\/p>\n<p style=\"text-align: center;\"><span style=\"font-size: medium;\"><strong>Mairie de Lembach<\/strong><\/span><br \/>\n<span style=\"font-size: medium;\"><strong>03 88 94 42 84<\/strong><\/span><\/p>\n<p style=\"text-align: center;\"><span style=\"font-size: small;\">ou<\/span><\/p>\n<p style=\"text-align: center;\"><span style=\"font-size: medium;\"><strong>Maison Foresti\u00e8re de MATTSTALL<\/strong><\/span><br \/>\n<span style=\"font-size: medium;\"><strong>M. BRUCKER<\/strong><\/span><br \/>\n<span style=\"font-size: medium;\"><strong>03 88 94 43 77<\/strong><\/span><\/p>\n<p style=\"text-align: center;\"><img loading=\"lazy\" decoding=\"async\" class=\"aligncenter size-full wp-image-2291\" style=\"border: 0px none;\" alt=\"bois\" src=\"http:\/\/www.lembach.fr\/mairie\/wp-content\/uploads\/2014\/01\/bois.jpg\" width=\"300\" height=\"225\" \/><\/p>\n","protected":false},"excerpt":{"rendered":"<p>La commune de LEMBACH propose \u00e0 la vente \u00e0 l\u2019amiable, des lots de bois : Bois d\u2019industrie toute longueur, d\u00e9bard\u00e9s \u00e0 port de camion : &#8211; h\u00eatre, charme : 45 \u20ac Euros le m3 HT &#8211; ch\u00eane + autres feuillus\u00a0 : 43 \u20ac\u00a0 le m3 HT Cession de st\u00e8res: &#8211; h\u00eatre : 52 \u20ac &#8211; &hellip; <\/p>\n<p><a class=\"more-link btn\" href=\"https:\/\/www.lembach.fr\/mairie\/2014\/01\/24\/vente-de-bois-de-chauffage\/\">Lire la suite<\/a><\/p>\n","protected":false},"author":1,"featured_media":0,"comment_status":"closed","ping_status":"closed","sticky":false,"template":"","format":"standard","meta":{"footnotes":""},"categories":[12],"tags":[],"class_list":["post-2290","post","type-post","status-publish","format-standard","hentry","category-informations","item-wrap"],"_links":{"self":[{"href":"https:\/\/www.lembach.fr\/mairie\/wp-json\/wp\/v2\/posts\/2290","targetHints":{"allow":["GET"]}}],"collection":[{"href":"https:\/\/www.lembach.fr\/mairie\/wp-json\/wp\/v2\/posts"}],"about":[{"href":"https:\/\/www.lembach.fr\/mairie\/wp-json\/wp\/v2\/types\/post"}],"author":[{"embeddable":true,"href":"https:\/\/www.lembach.fr\/mairie\/wp-json\/wp\/v2\/users\/1"}],"replies":[{"embeddable":true,"href":"https:\/\/www.lembach.fr\/mairie\/wp-json\/wp\/v2\/comments?post=2290"}],"version-history":[{"count":0,"href":"https:\/\/www.lembach.fr\/mairie\/wp-json\/wp\/v2\/posts\/2290\/revisions"}],"wp:attachment":[{"href":"https:\/\/www.lembach.fr\/mairie\/wp-json\/wp\/v2\/media?parent=2290"}],"wp:term":[{"taxonomy":"category","embeddable":true,"href":"https:\/\/www.lembach.fr\/mairie\/wp-json\/wp\/v2\/categories?post=2290"},{"taxonomy":"post_tag","embeddable":true,"href":"https:\/\/www.lembach.fr\/mairie\/wp-json\/wp\/v2\/tags?post=2290"}],"curies":[{"name":"wp","href":"https:\/\/api.w.org\/{rel}","templated":true}]}}