{"id":2246,"date":"2019-12-20T12:17:57","date_gmt":"2019-12-20T11:17:57","guid":{"rendered":"http:\/\/www.lembach.fr\/mairie\/?p=2246"},"modified":"2019-12-23T16:07:02","modified_gmt":"2019-12-23T15:07:02","slug":"noel-au-flecken","status":"publish","type":"post","link":"https:\/\/www.lembach.fr\/mairie\/2019\/12\/20\/noel-au-flecken\/","title":{"rendered":"No\u00ebl au Flecken"},"content":{"rendered":"<p>L\u2019association culturelle et les habitants du Flecken (centre ancien) de Lembach invitent ce<\/p>\n<h4 style=\"text-align: center;\"><strong>lundi 23 d\u00e9cembre \u00e0 19 h<br \/>\n<\/strong>au traditionnel \u00ab No\u00ebl au Flecken \u00bb<\/h4>\n<p>La soir\u00e9e d\u00e9butera dans l\u2019\u00e9glise du Flecken en chants, musique, conte et po\u00e9sie. Toujours en chansons, le p\u00e8re No\u00ebl attirera l\u2019assembl\u00e9e sur la place principale pour une distribution de friandises aux enfants et une veill\u00e9e dans la rue avec bredle et vin chaud.<\/p>\n<p>Un moment de rencontre, de fraternit\u00e9, de partage \u2014 une animation de No\u00ebl pour plus de solidarit\u00e9 chez nous et dans le monde.<\/p>\n<p>Acc\u00e8s libre.<\/p>\n<p><img loading=\"lazy\" decoding=\"async\" class=\"aligncenter size-full wp-image-2247\" src=\"http:\/\/www.lembach.fr\/mairie\/wp-content\/uploads\/2013\/12\/joeux_noel.jpg\" alt=\"joeux_noel\" width=\"400\" height=\"298\" srcset=\"https:\/\/www.lembach.fr\/mairie\/wp-content\/uploads\/2013\/12\/joeux_noel.jpg 400w, https:\/\/www.lembach.fr\/mairie\/wp-content\/uploads\/2013\/12\/joeux_noel-300x223.jpg 300w\" sizes=\"auto, (max-width: 400px) 100vw, 400px\" \/><\/p>\n","protected":false},"excerpt":{"rendered":"<p>L\u2019association culturelle et les habitants du Flecken (centre ancien) de Lembach invitent ce lundi 23 d\u00e9cembre \u00e0 19 h au traditionnel \u00ab No\u00ebl au Flecken \u00bb La soir\u00e9e d\u00e9butera dans l\u2019\u00e9glise du Flecken en chants, musique, conte et po\u00e9sie. Toujours en chansons, le p\u00e8re No\u00ebl attirera l\u2019assembl\u00e9e sur la place principale pour une distribution de &hellip; <\/p>\n<p><a class=\"more-link btn\" href=\"https:\/\/www.lembach.fr\/mairie\/2019\/12\/20\/noel-au-flecken\/\">Lire la suite<\/a><\/p>\n","protected":false},"author":1,"featured_media":0,"comment_status":"closed","ping_status":"closed","sticky":false,"template":"","format":"standard","meta":{"footnotes":""},"categories":[7],"tags":[],"class_list":["post-2246","post","type-post","status-publish","format-standard","hentry","category-manifestations","item-wrap"],"_links":{"self":[{"href":"https:\/\/www.lembach.fr\/mairie\/wp-json\/wp\/v2\/posts\/2246","targetHints":{"allow":["GET"]}}],"collection":[{"href":"https:\/\/www.lembach.fr\/mairie\/wp-json\/wp\/v2\/posts"}],"about":[{"href":"https:\/\/www.lembach.fr\/mairie\/wp-json\/wp\/v2\/types\/post"}],"author":[{"embeddable":true,"href":"https:\/\/www.lembach.fr\/mairie\/wp-json\/wp\/v2\/users\/1"}],"replies":[{"embeddable":true,"href":"https:\/\/www.lembach.fr\/mairie\/wp-json\/wp\/v2\/comments?post=2246"}],"version-history":[{"count":0,"href":"https:\/\/www.lembach.fr\/mairie\/wp-json\/wp\/v2\/posts\/2246\/revisions"}],"wp:attachment":[{"href":"https:\/\/www.lembach.fr\/mairie\/wp-json\/wp\/v2\/media?parent=2246"}],"wp:term":[{"taxonomy":"category","embeddable":true,"href":"https:\/\/www.lembach.fr\/mairie\/wp-json\/wp\/v2\/categories?post=2246"},{"taxonomy":"post_tag","embeddable":true,"href":"https:\/\/www.lembach.fr\/mairie\/wp-json\/wp\/v2\/tags?post=2246"}],"curies":[{"name":"wp","href":"https:\/\/api.w.org\/{rel}","templated":true}]}}