{"id":2175,"date":"2013-11-29T12:51:22","date_gmt":"2013-11-29T11:51:22","guid":{"rendered":"http:\/\/www.lembach.fr\/mairie\/?p=2175"},"modified":"2013-11-29T13:00:45","modified_gmt":"2013-11-29T12:00:45","slug":"reunion-rythmes-scolaires","status":"publish","type":"post","link":"https:\/\/www.lembach.fr\/mairie\/2013\/11\/29\/reunion-rythmes-scolaires\/","title":{"rendered":"R\u00e9union rythmes scolaires"},"content":{"rendered":"<p style=\"text-align: center;\"><img loading=\"lazy\" decoding=\"async\" class=\"size-full wp-image-2185 alignleft\" style=\"border: 0px none;\" alt=\"rythmes-scolaires\" src=\"http:\/\/www.lembach.fr\/mairie\/wp-content\/uploads\/2013\/11\/rythmes-scolaires.jpg\" width=\"400\" height=\"200\" srcset=\"https:\/\/www.lembach.fr\/mairie\/wp-content\/uploads\/2013\/11\/rythmes-scolaires.jpg 400w, https:\/\/www.lembach.fr\/mairie\/wp-content\/uploads\/2013\/11\/rythmes-scolaires-300x150.jpg 300w\" sizes=\"auto, (max-width: 400px) 100vw, 400px\" \/><\/p>\n<p>&nbsp;<\/p>\n<p>Vous n\u2019\u00eates pas sans savoir, qu\u2019\u00e0 compter de la prochaine rentr\u00e9e scolaire de septembre 2014, les nouveaux rythmes scolaires seront mis en place dans toutes les \u00e9coles.<\/p>\n<p>&nbsp;<\/p>\n<p>Nous avions souhait\u00e9, avec l\u2019ensemble des communes de la Communaut\u00e9 des Communes Sauer-Pechelbronn ne pas instaurer le changement d\u00e8s septembre 2013 afin de pouvoir mener une r\u00e9flexion plus approfondie.<\/p>\n<p>&nbsp;<\/p>\n<p>Suite \u00e0 des r\u00e9unions successives avec les diff\u00e9rents partenaires, enseignants, parents, communes, communaut\u00e9 des communes et Conseil G\u00e9n\u00e9ral, nous vous invitons \u00e0 une r\u00e9union\u00a0pour faire le point et \u00e9claircir les points d\u2019ombre qui pourraient encore vous pr\u00e9occuper\u00a0 :<\/p>\n<p style=\"text-align: center;\"><div class=\"alert alert-success\" role=\"alert\"><p class=\"printonly\"><strong>Important!<\/strong><\/p>\n<p style=\"text-align: center;\" class=\"first-p\"><strong><span style=\"font-size: large; color: #ff0000;\">le mardi 3 d\u00e9cembre, \u00e0 19h30<\/span><\/strong><\/p>\n<p style=\"text-align: center;\"><strong><span style=\"font-size: large; color: #ff0000;\">dans la salle de la mairie<\/span><\/strong><\/p>\n<p style=\"text-align: center;\"><\/div>\n<p style=\"text-align: right;\">Le Maire<br \/>\nCharles Schlosser<\/p>\n","protected":false},"excerpt":{"rendered":"<p>&nbsp; Vous n\u2019\u00eates pas sans savoir, qu\u2019\u00e0 compter de la prochaine rentr\u00e9e scolaire de septembre 2014, les nouveaux rythmes scolaires seront mis en place dans toutes les \u00e9coles. &nbsp; Nous avions souhait\u00e9, avec l\u2019ensemble des communes de la Communaut\u00e9 des Communes Sauer-Pechelbronn ne pas instaurer le changement d\u00e8s septembre 2013 afin de pouvoir mener une &hellip; <\/p>\n<p><a class=\"more-link btn\" href=\"https:\/\/www.lembach.fr\/mairie\/2013\/11\/29\/reunion-rythmes-scolaires\/\">Lire la suite<\/a><\/p>\n","protected":false},"author":1,"featured_media":0,"comment_status":"closed","ping_status":"closed","sticky":false,"template":"","format":"standard","meta":{"footnotes":""},"categories":[12],"tags":[],"class_list":["post-2175","post","type-post","status-publish","format-standard","hentry","category-informations","item-wrap"],"_links":{"self":[{"href":"https:\/\/www.lembach.fr\/mairie\/wp-json\/wp\/v2\/posts\/2175","targetHints":{"allow":["GET"]}}],"collection":[{"href":"https:\/\/www.lembach.fr\/mairie\/wp-json\/wp\/v2\/posts"}],"about":[{"href":"https:\/\/www.lembach.fr\/mairie\/wp-json\/wp\/v2\/types\/post"}],"author":[{"embeddable":true,"href":"https:\/\/www.lembach.fr\/mairie\/wp-json\/wp\/v2\/users\/1"}],"replies":[{"embeddable":true,"href":"https:\/\/www.lembach.fr\/mairie\/wp-json\/wp\/v2\/comments?post=2175"}],"version-history":[{"count":0,"href":"https:\/\/www.lembach.fr\/mairie\/wp-json\/wp\/v2\/posts\/2175\/revisions"}],"wp:attachment":[{"href":"https:\/\/www.lembach.fr\/mairie\/wp-json\/wp\/v2\/media?parent=2175"}],"wp:term":[{"taxonomy":"category","embeddable":true,"href":"https:\/\/www.lembach.fr\/mairie\/wp-json\/wp\/v2\/categories?post=2175"},{"taxonomy":"post_tag","embeddable":true,"href":"https:\/\/www.lembach.fr\/mairie\/wp-json\/wp\/v2\/tags?post=2175"}],"curies":[{"name":"wp","href":"https:\/\/api.w.org\/{rel}","templated":true}]}}