{"id":2058,"date":"2013-09-23T09:26:47","date_gmt":"2013-09-23T08:26:47","guid":{"rendered":"http:\/\/www.lembach.fr\/mairie\/?p=2058"},"modified":"2019-08-19T09:40:53","modified_gmt":"2019-08-19T08:40:53","slug":"conseil-municipal-des-enfants-programme-2013-2014","status":"publish","type":"post","link":"https:\/\/www.lembach.fr\/mairie\/2013\/09\/23\/conseil-municipal-des-enfants-programme-2013-2014\/","title":{"rendered":"Conseil Municipal des Enfants : programme 2013\/2014"},"content":{"rendered":"<div><\/div>\n<div class=\"alert alert-success\" role=\"alert\"><p class=\"printonly\"><strong>Important!<\/strong><\/p>\n<div>\n<h2 style=\"text-align: center;\" align=\"center\"><b>Dates des rencontres<\/b><\/h2>\n<p style=\"text-align: center;\" class=\"first-p\"><strong>2013<\/strong> : 2 octobre<strong><\/strong> &#8211; 16 octobre &#8211; 6 novembre &#8211; 20 novembre &#8211; 4 d\u00e9cembre &#8211; 18 d\u00e9cembre<\/p>\n<p style=\"text-align: center;\"><strong>2014<\/strong> : 15 janvier &#8211; 5 f\u00e9vrier &#8211; 19 f\u00e9vrier &#8211; 5 mars &#8211; 19 mars &#8211; 2 avril &#8211; 16 avril &#8211; 7 mai &#8211; 21 mai\u00a0 &#8211; 4 juin &#8211; 18 juin &#8211; 2 juillet<\/p>\n<\/div>\n<h2 style=\"text-align: center;\" align=\"center\"><b>\u00a0de 9h30 \u00e0 11h<\/b><\/h2>\n<h2 style=\"text-align: center;\" align=\"center\"><b>Rendez-vous, salle de la<\/b><b> musique<\/b><\/h2>\n<\/div>\n<p align=\"center\"><span style=\"text-decoration: underline;\"><strong>Propositions de th\u00e8mes\u00a0<\/strong><\/span><\/p>\n<ul>\n<li>D\u00e9couvrir notre village<\/li>\n<li>Sortie nature<\/li>\n<li>La maison de retraite<\/li>\n<li>Banque alimentaire<\/li>\n<li>\u00a0Visite d\u2019une ferme<\/li>\n<li>\u00a0Nettoyage de printemps et fleurissement<\/li>\n<li>\u00a0Reprise de contact avec Oberhoffen<\/li>\n<li>\u00a0Fleurissement<\/li>\n<li>\u00a0Club vosgien<\/li>\n<li>\u00a0L\u2019aire de jeux pour les + grands<\/li>\n<li>\u00a0Le Fleckenstein<\/li>\n<li>\u00a0La ligne Maginot<\/li>\n<li>\u00a0Le Conseil G\u00e9n\u00e9ral, une institution europ\u00e9enne<\/li>\n<\/ul>\n<p style=\"text-align: center;\"><b>\u00a0<img loading=\"lazy\" decoding=\"async\" class=\"aligncenter size-full wp-image-2075\" style=\"border: 0px none;\" alt=\"cm_enfants\" src=\"http:\/\/www.lembach.fr\/mairie\/wp-content\/uploads\/2013\/09\/cm_enfants.jpg\" width=\"400\" height=\"267\" srcset=\"https:\/\/www.lembach.fr\/mairie\/wp-content\/uploads\/2013\/09\/cm_enfants.jpg 400w, https:\/\/www.lembach.fr\/mairie\/wp-content\/uploads\/2013\/09\/cm_enfants-300x200.jpg 300w\" sizes=\"auto, (max-width: 400px) 100vw, 400px\" \/><\/b><\/p>\n","protected":false},"excerpt":{"rendered":"<p>Propositions de th\u00e8mes\u00a0 D\u00e9couvrir notre village Sortie nature La maison de retraite Banque alimentaire \u00a0Visite d\u2019une ferme \u00a0Nettoyage de printemps et fleurissement \u00a0Reprise de contact avec Oberhoffen \u00a0Fleurissement \u00a0Club vosgien \u00a0L\u2019aire de jeux pour les + grands \u00a0Le Fleckenstein \u00a0La ligne Maginot \u00a0Le Conseil G\u00e9n\u00e9ral, une institution europ\u00e9enne \u00a0<\/p>\n","protected":false},"author":1,"featured_media":0,"comment_status":"closed","ping_status":"closed","sticky":false,"template":"","format":"standard","meta":{"footnotes":""},"categories":[6],"tags":[],"class_list":["post-2058","post","type-post","status-publish","format-standard","hentry","category-activites","item-wrap"],"_links":{"self":[{"href":"https:\/\/www.lembach.fr\/mairie\/wp-json\/wp\/v2\/posts\/2058","targetHints":{"allow":["GET"]}}],"collection":[{"href":"https:\/\/www.lembach.fr\/mairie\/wp-json\/wp\/v2\/posts"}],"about":[{"href":"https:\/\/www.lembach.fr\/mairie\/wp-json\/wp\/v2\/types\/post"}],"author":[{"embeddable":true,"href":"https:\/\/www.lembach.fr\/mairie\/wp-json\/wp\/v2\/users\/1"}],"replies":[{"embeddable":true,"href":"https:\/\/www.lembach.fr\/mairie\/wp-json\/wp\/v2\/comments?post=2058"}],"version-history":[{"count":0,"href":"https:\/\/www.lembach.fr\/mairie\/wp-json\/wp\/v2\/posts\/2058\/revisions"}],"wp:attachment":[{"href":"https:\/\/www.lembach.fr\/mairie\/wp-json\/wp\/v2\/media?parent=2058"}],"wp:term":[{"taxonomy":"category","embeddable":true,"href":"https:\/\/www.lembach.fr\/mairie\/wp-json\/wp\/v2\/categories?post=2058"},{"taxonomy":"post_tag","embeddable":true,"href":"https:\/\/www.lembach.fr\/mairie\/wp-json\/wp\/v2\/tags?post=2058"}],"curies":[{"name":"wp","href":"https:\/\/api.w.org\/{rel}","templated":true}]}}