{"id":1912,"date":"2017-08-23T12:00:56","date_gmt":"2017-08-23T11:00:56","guid":{"rendered":"http:\/\/www.lembach.fr\/mairie\/?p=1912"},"modified":"2017-10-23T08:05:16","modified_gmt":"2017-10-23T07:05:16","slug":"releve-du-compteur-deau","status":"publish","type":"post","link":"https:\/\/www.lembach.fr\/mairie\/2017\/08\/23\/releve-du-compteur-deau\/","title":{"rendered":"Relev\u00e9 du compteur d&rsquo;eau"},"content":{"rendered":"<p>Votre compteur d\u2019eau indique votre consommation d\u2019eau en m\u00e8tre cube (1m\u00b3 = 1000 litres). L\u2019index de votre compteur est compos\u00e9 des chiffres blancs sur fond noir. Le compteur d\u2019eau est relev\u00e9 une fois par an par l&rsquo;agent communal afin de pouvoir proc\u00e9der \u00e0 la facturation de la consommation r\u00e9elle.<\/p>\n<h2><img loading=\"lazy\" decoding=\"async\" class=\"aligncenter size-full wp-image-1913\" style=\"border: 0px none;\" src=\"http:\/\/www.lembach.fr\/mairie\/wp-content\/uploads\/2013\/07\/compteur_eau.png\" alt=\"compteur_eau\" width=\"400\" height=\"397\" srcset=\"https:\/\/www.lembach.fr\/mairie\/wp-content\/uploads\/2013\/07\/compteur_eau.png 400w, https:\/\/www.lembach.fr\/mairie\/wp-content\/uploads\/2013\/07\/compteur_eau-150x150.png 150w, https:\/\/www.lembach.fr\/mairie\/wp-content\/uploads\/2013\/07\/compteur_eau-300x297.png 300w\" sizes=\"auto, (max-width: 400px) 100vw, 400px\" \/><\/h2>\n<h4 style=\"text-align: center;\">La campagne 2017 de relev\u00e9 des compteurs d&rsquo;eau est termin\u00e9e.<\/h4>\n<h4 style=\"text-align: center;\">La municipalit\u00e9 remercie tous les concitoyens qui ont renseign\u00e9 le formulaire en ligne.<\/h4>\n<p style=\"text-align: center;\">\n","protected":false},"excerpt":{"rendered":"<p>Votre compteur d\u2019eau indique votre consommation d\u2019eau en m\u00e8tre cube (1m\u00b3 = 1000 litres). L\u2019index de votre compteur est compos\u00e9 des chiffres blancs sur fond noir. Le compteur d\u2019eau est relev\u00e9 une fois par an par l&rsquo;agent communal afin de pouvoir proc\u00e9der \u00e0 la facturation de la consommation r\u00e9elle. La campagne 2017 de relev\u00e9 des &hellip; <\/p>\n<p><a class=\"more-link btn\" href=\"https:\/\/www.lembach.fr\/mairie\/2017\/08\/23\/releve-du-compteur-deau\/\">Lire la suite<\/a><\/p>\n","protected":false},"author":1,"featured_media":0,"comment_status":"closed","ping_status":"closed","sticky":false,"template":"","format":"standard","meta":{"footnotes":""},"categories":[14],"tags":[],"class_list":["post-1912","post","type-post","status-publish","format-standard","hentry","category-administratif","item-wrap"],"_links":{"self":[{"href":"https:\/\/www.lembach.fr\/mairie\/wp-json\/wp\/v2\/posts\/1912","targetHints":{"allow":["GET"]}}],"collection":[{"href":"https:\/\/www.lembach.fr\/mairie\/wp-json\/wp\/v2\/posts"}],"about":[{"href":"https:\/\/www.lembach.fr\/mairie\/wp-json\/wp\/v2\/types\/post"}],"author":[{"embeddable":true,"href":"https:\/\/www.lembach.fr\/mairie\/wp-json\/wp\/v2\/users\/1"}],"replies":[{"embeddable":true,"href":"https:\/\/www.lembach.fr\/mairie\/wp-json\/wp\/v2\/comments?post=1912"}],"version-history":[{"count":0,"href":"https:\/\/www.lembach.fr\/mairie\/wp-json\/wp\/v2\/posts\/1912\/revisions"}],"wp:attachment":[{"href":"https:\/\/www.lembach.fr\/mairie\/wp-json\/wp\/v2\/media?parent=1912"}],"wp:term":[{"taxonomy":"category","embeddable":true,"href":"https:\/\/www.lembach.fr\/mairie\/wp-json\/wp\/v2\/categories?post=1912"},{"taxonomy":"post_tag","embeddable":true,"href":"https:\/\/www.lembach.fr\/mairie\/wp-json\/wp\/v2\/tags?post=1912"}],"curies":[{"name":"wp","href":"https:\/\/api.w.org\/{rel}","templated":true}]}}