{"id":1898,"date":"2013-07-08T09:11:35","date_gmt":"2013-07-08T08:11:35","guid":{"rendered":"http:\/\/www.lembach.fr\/mairie\/?p=1898"},"modified":"2019-08-19T09:40:54","modified_gmt":"2019-08-19T08:40:54","slug":"elections-pour-le-conseil-municipal-des-enfants","status":"publish","type":"post","link":"https:\/\/www.lembach.fr\/mairie\/2013\/07\/08\/elections-pour-le-conseil-municipal-des-enfants\/","title":{"rendered":"\u00c9lections au Conseil Municipal des Enfants"},"content":{"rendered":"<h2>Jeudi le 20 juin ont eu lieu les \u00e9lections pour le renouvellement du\u00a0Conseil Municipal des Enfants.<\/h2>\n<p>Sept places \u00e9taient \u00e0 pourvoir. Le nombre de places \u00e0 pourvoir d\u00e9pend du nombre de jeunes d\u00e9j\u00e0 \u00e9lus qui veulent continuer \u00e0 faire partie du conseil et signent un r\u00e9engagement.<\/p>\n<p>Les \u00e9l\u00e8ves du CE2, CM1\u00a0ou du CM2 ont pu \u00eatre candidats. Neuf se sont pr\u00e9sent\u00e9s.<\/p>\n<p style=\"text-align: center;\"><img loading=\"lazy\" decoding=\"async\" class=\"aligncenter size-full wp-image-1890\" alt=\"elections_2013_02\" src=\"http:\/\/www.lembach.fr\/mairie\/wp-content\/uploads\/2012\/05\/elections_2013_02.jpg\" width=\"400\" height=\"300\" srcset=\"https:\/\/www.lembach.fr\/mairie\/wp-content\/uploads\/2012\/05\/elections_2013_02.jpg 400w, https:\/\/www.lembach.fr\/mairie\/wp-content\/uploads\/2012\/05\/elections_2013_02-300x225.jpg 300w\" sizes=\"auto, (max-width: 400px) 100vw, 400px\" \/><\/p>\n<p>Tous les \u00e9l\u00e8ves de l&rsquo;\u00e9cole primaire sont \u00e9lecteurs et inscrits sur une liste \u00e9lectorale. Chaque \u00e9lecteur a sa carte qu&rsquo;il pr\u00e9sente au moment de voter.\u00a0Avec l&rsquo;enveloppe qui lui est remise, l&rsquo;\u00e9lecteur se rend dans l&rsquo;isoloir pour y glisser le bulletin de vote qui comprend au plus sept noms valides.<\/p>\n<p style=\"text-align: center;\"><img loading=\"lazy\" decoding=\"async\" class=\"aligncenter size-full wp-image-1889\" alt=\"elections_2013_01\" src=\"http:\/\/www.lembach.fr\/mairie\/wp-content\/uploads\/2012\/05\/elections_2013_01.jpg\" width=\"400\" height=\"300\" srcset=\"https:\/\/www.lembach.fr\/mairie\/wp-content\/uploads\/2012\/05\/elections_2013_01.jpg 400w, https:\/\/www.lembach.fr\/mairie\/wp-content\/uploads\/2012\/05\/elections_2013_01-300x225.jpg 300w\" sizes=\"auto, (max-width: 400px) 100vw, 400px\" \/><\/p>\n<p>Le d\u00e9pouillement fait dans les r\u00e8gles de l&rsquo;art, a donn\u00e9 les r\u00e9sultats suivants :<\/p>\n<p>sont \u00e9lus :<\/p>\n<ol>\n<li><strong>CLODY Ad\u00e9lia<\/strong><\/li>\n<li><strong>MEDDAD Emma<\/strong><\/li>\n<li><strong>HEIDET Ewan<\/strong><\/li>\n<li><strong>CLAUSS Marina<\/strong><\/li>\n<li><strong>WEUREUTHER Charlotte<\/strong><\/li>\n<li><strong>MOTZ Coralie<\/strong><\/li>\n<li><strong>LIENHARD L\u00e9o<\/strong><\/li>\n<\/ol>\n<p>L&rsquo;installation des nouveaux conseillers jeunes a eu lieu le mercredi 26 juin.<\/p>\n<p style=\"text-align: center;\"><img loading=\"lazy\" decoding=\"async\" class=\"aligncenter size-full wp-image-1891\" alt=\"elections_2013_03\" src=\"http:\/\/www.lembach.fr\/mairie\/wp-content\/uploads\/2012\/05\/elections_2013_03.jpg\" width=\"400\" height=\"300\" srcset=\"https:\/\/www.lembach.fr\/mairie\/wp-content\/uploads\/2012\/05\/elections_2013_03.jpg 400w, https:\/\/www.lembach.fr\/mairie\/wp-content\/uploads\/2012\/05\/elections_2013_03-300x225.jpg 300w\" sizes=\"auto, (max-width: 400px) 100vw, 400px\" \/><\/p>\n<p>Le 3 juillet nous nous sommes retrouv\u00e9s pour une sortir \u00e0 l&rsquo;\u00e9tang de Reichshoffen avec monsieur Kettering.\u00a0Sous une pluie battante nous avons fait le tour de l&rsquo;\u00e9tang mais les explications et les d\u00e9couvertes int\u00e9ressantes ont fait oublier les mauvaises conditions. Apr\u00e8s le repas tir\u00e9 du sac sous l&rsquo;abri des p\u00eacheurs, les jeunes se sont amus\u00e9s avec des jeux de soci\u00e9t\u00e9.<\/p>\n<p>&nbsp;<\/p>\n","protected":false},"excerpt":{"rendered":"<p>Jeudi le 20 juin ont eu lieu les \u00e9lections pour le renouvellement du\u00a0Conseil Municipal des Enfants. Sept places \u00e9taient \u00e0 pourvoir. Le nombre de places \u00e0 pourvoir d\u00e9pend du nombre de jeunes d\u00e9j\u00e0 \u00e9lus qui veulent continuer \u00e0 faire partie du conseil et signent un r\u00e9engagement. Les \u00e9l\u00e8ves du CE2, CM1\u00a0ou du CM2 ont pu &hellip; <\/p>\n<p><a class=\"more-link btn\" href=\"https:\/\/www.lembach.fr\/mairie\/2013\/07\/08\/elections-pour-le-conseil-municipal-des-enfants\/\">Lire la suite<\/a><\/p>\n","protected":false},"author":1,"featured_media":0,"comment_status":"closed","ping_status":"closed","sticky":false,"template":"","format":"standard","meta":{"footnotes":""},"categories":[14],"tags":[],"class_list":["post-1898","post","type-post","status-publish","format-standard","hentry","category-administratif","item-wrap"],"_links":{"self":[{"href":"https:\/\/www.lembach.fr\/mairie\/wp-json\/wp\/v2\/posts\/1898","targetHints":{"allow":["GET"]}}],"collection":[{"href":"https:\/\/www.lembach.fr\/mairie\/wp-json\/wp\/v2\/posts"}],"about":[{"href":"https:\/\/www.lembach.fr\/mairie\/wp-json\/wp\/v2\/types\/post"}],"author":[{"embeddable":true,"href":"https:\/\/www.lembach.fr\/mairie\/wp-json\/wp\/v2\/users\/1"}],"replies":[{"embeddable":true,"href":"https:\/\/www.lembach.fr\/mairie\/wp-json\/wp\/v2\/comments?post=1898"}],"version-history":[{"count":0,"href":"https:\/\/www.lembach.fr\/mairie\/wp-json\/wp\/v2\/posts\/1898\/revisions"}],"wp:attachment":[{"href":"https:\/\/www.lembach.fr\/mairie\/wp-json\/wp\/v2\/media?parent=1898"}],"wp:term":[{"taxonomy":"category","embeddable":true,"href":"https:\/\/www.lembach.fr\/mairie\/wp-json\/wp\/v2\/categories?post=1898"},{"taxonomy":"post_tag","embeddable":true,"href":"https:\/\/www.lembach.fr\/mairie\/wp-json\/wp\/v2\/tags?post=1898"}],"curies":[{"name":"wp","href":"https:\/\/api.w.org\/{rel}","templated":true}]}}