{"id":1741,"date":"2013-03-18T17:33:58","date_gmt":"2013-03-18T16:33:58","guid":{"rendered":"http:\/\/www.lembach.fr\/mairie\/?p=1741"},"modified":"2019-08-19T09:40:54","modified_gmt":"2019-08-19T08:40:54","slug":"e-friehjohr-fer-unseri-sproch","status":"publish","type":"post","link":"https:\/\/www.lembach.fr\/mairie\/2013\/03\/18\/e-friehjohr-fer-unseri-sproch\/","title":{"rendered":"E Friehjohr fer unseri Sproch"},"content":{"rendered":"<p><span style=\"font-size: medium\">La chorale des charbonniers (De <strong>Kohlebrannerchor<\/strong>) avec son directeur Hubert Walther, a \u00e9t\u00e9 r\u00e9compens\u00e9e de\u00a0son investissement pour le dialecte alsacien.<\/span><\/p>\n<p><span style=\"font-size: medium\">Samedi 1er mars, \u00e0 Schweighouse sur Moder, leur a \u00e9t\u00e9 remis le <strong>\u00ab\u00a0Friehjohrsschwalmel\u00a0\u00bb<\/strong>.<\/span><\/p>\n<p><img loading=\"lazy\" decoding=\"async\" class=\"size-full wp-image-1753 aligncenter\" alt=\"friehjohr2\" src=\"http:\/\/www.lembach.fr\/mairie\/wp-content\/uploads\/2013\/03\/friehjohr2.jpg\" width=\"129\" height=\"200\" \/><\/p>\n<div class=\"alert alert-success\" role=\"alert\"><p class=\"printonly\"><strong>Important!<\/strong><\/p>\n<h2 style=\"text-align: center\"><\/h2>\n<p class=\"first-p\">&nbsp;<\/p>\n<p style=\"text-align: center\">\n<p style=\"text-align: left\"><\/div>\n","protected":false},"excerpt":{"rendered":"<p>La chorale des charbonniers (De Kohlebrannerchor) avec son directeur Hubert Walther, a \u00e9t\u00e9 r\u00e9compens\u00e9e de\u00a0son investissement pour le dialecte alsacien. Samedi 1er mars, \u00e0 Schweighouse sur Moder, leur a \u00e9t\u00e9 remis le \u00ab\u00a0Friehjohrsschwalmel\u00a0\u00bb.<\/p>\n","protected":false},"author":1,"featured_media":0,"comment_status":"closed","ping_status":"closed","sticky":false,"template":"","format":"standard","meta":{"footnotes":""},"categories":[7],"tags":[],"class_list":["post-1741","post","type-post","status-publish","format-standard","hentry","category-manifestations","item-wrap"],"_links":{"self":[{"href":"https:\/\/www.lembach.fr\/mairie\/wp-json\/wp\/v2\/posts\/1741","targetHints":{"allow":["GET"]}}],"collection":[{"href":"https:\/\/www.lembach.fr\/mairie\/wp-json\/wp\/v2\/posts"}],"about":[{"href":"https:\/\/www.lembach.fr\/mairie\/wp-json\/wp\/v2\/types\/post"}],"author":[{"embeddable":true,"href":"https:\/\/www.lembach.fr\/mairie\/wp-json\/wp\/v2\/users\/1"}],"replies":[{"embeddable":true,"href":"https:\/\/www.lembach.fr\/mairie\/wp-json\/wp\/v2\/comments?post=1741"}],"version-history":[{"count":0,"href":"https:\/\/www.lembach.fr\/mairie\/wp-json\/wp\/v2\/posts\/1741\/revisions"}],"wp:attachment":[{"href":"https:\/\/www.lembach.fr\/mairie\/wp-json\/wp\/v2\/media?parent=1741"}],"wp:term":[{"taxonomy":"category","embeddable":true,"href":"https:\/\/www.lembach.fr\/mairie\/wp-json\/wp\/v2\/categories?post=1741"},{"taxonomy":"post_tag","embeddable":true,"href":"https:\/\/www.lembach.fr\/mairie\/wp-json\/wp\/v2\/tags?post=1741"}],"curies":[{"name":"wp","href":"https:\/\/api.w.org\/{rel}","templated":true}]}}