{"id":1399,"date":"2012-11-13T09:16:20","date_gmt":"2012-11-13T08:16:20","guid":{"rendered":"http:\/\/www.lembach.fr\/mairie\/?p=1399"},"modified":"2019-08-19T09:40:54","modified_gmt":"2019-08-19T08:40:54","slug":"sortie-conseil-general-du-30-octobre","status":"publish","type":"post","link":"https:\/\/www.lembach.fr\/mairie\/2012\/11\/13\/sortie-conseil-general-du-30-octobre\/","title":{"rendered":"Une sortie au Conseil G\u00e9n\u00e9ral"},"content":{"rendered":"<p><span style=\"font-size: small;\"><strong>Le Conseil Municipal des Enfants de Lembach a souhait\u00e9 visiter la Communaut\u00e9 de Communes Sauer-Pechelbronn. Cette visite a eu lieu et les conseil des jeunes de Langensoultzbach et Froeschwiller y ont \u00e9galement \u00e9t\u00e9 associ\u00e9. Les jeunes de Lembach avaient \u00e9mis le souhait d\u2019une visite du\u00a0 Conseil G\u00e9n\u00e9ral et cette demande a eu un \u00e9cho favorable aupr\u00e8s des autres jeunes.<\/strong><\/span><\/p>\n<p><span style=\"font-size: small;\"><strong>Les animateurs des jeunes de la communaut\u00e9 des communes ont organis\u00e9 la journ\u00e9e.<\/strong><\/span><br \/>\n<span style=\"font-size: small;\"> <strong> Rendez-vous a \u00e9t\u00e9 pris pour le mardi 30 octobre.<\/strong><\/span><\/p>\n<div><img loading=\"lazy\" decoding=\"async\" class=\"aligncenter size-medium wp-image-1452\" title=\"\" src=\"http:\/\/www.lembach.fr\/mairie\/wp-content\/uploads\/2012\/11\/visite_CG_1-225x300.jpg\" alt=\"\" width=\"225\" height=\"300\" srcset=\"https:\/\/www.lembach.fr\/mairie\/wp-content\/uploads\/2012\/11\/visite_CG_1-225x300.jpg 225w, https:\/\/www.lembach.fr\/mairie\/wp-content\/uploads\/2012\/11\/visite_CG_1.jpg 300w\" sizes=\"auto, (max-width: 225px) 100vw, 225px\" \/><\/div>\n<p>Le d\u00e9placement en bus a \u00e9t\u00e9 financ\u00e9 financ\u00e9 par la Communaut\u00e9 des Communes.<\/p>\n<p>Arriv\u00e9s \u00e0 Strasbourg, nous avons \u00e9t\u00e9 pris en charge par une responsable de l\u2019accueil. Quelle surprise lorsque nous avons constat\u00e9 que notre visite \u00e9tait annonc\u00e9e sur la bande d\u2019annonce \u00e0 l\u2019entr\u00e9e du Conseil g\u00e9n\u00e9ral. Nous sous sommes rendus dans la grande salle de r\u00e9union et avons regard\u00e9 un film tr\u00e8s int\u00e9ressant : de la naissance jusqu\u2019\u00e0 la vieillesse, le Conseil G\u00e9n\u00e9ral est pr\u00e9sent dans la vie de chacun.<\/p>\n<p>Monsieur le Pr\u00e9sident, Guy Dominique Kennel nous a rejoints. Nous avons occup\u00e9 les places officielles des Conseillers G\u00e9n\u00e9raux, avec devant chacun de nous, un micro pour demander la parole. Monsieur le Pr\u00e9sident nous a parl\u00e9 de ses multiples domaines d\u2019interventions. Nous avons \u00e9t\u00e9 particuli\u00e8rement frapp\u00e9 par le fait qu\u2019il soit p\u00e8re de 3000 enfants. En effet, il est personnellement responsables de tous les enfants plac\u00e9s dans des foyers ou dans des familles d\u2019accueil suite \u00e0 une d\u00e9cision du tribunal.<\/p>\n<p>Le repas de midi pris au restaurant du Conseil G\u00e9n\u00e9ral nous a \u00e9t\u00e9 offert par Monsieur le Pr\u00e9sident.<\/p>\n<div><img loading=\"lazy\" decoding=\"async\" class=\"aligncenter size-medium wp-image-1453\" title=\"\" src=\"http:\/\/www.lembach.fr\/mairie\/wp-content\/uploads\/2012\/11\/visite_CG_2-300x225.jpg\" alt=\"\" width=\"300\" height=\"225\" srcset=\"https:\/\/www.lembach.fr\/mairie\/wp-content\/uploads\/2012\/11\/visite_CG_2-300x225.jpg 300w, https:\/\/www.lembach.fr\/mairie\/wp-content\/uploads\/2012\/11\/visite_CG_2.jpg 400w\" sizes=\"auto, (max-width: 300px) 100vw, 300px\" \/><\/div>\n","protected":false},"excerpt":{"rendered":"<p>Le Conseil Municipal des Enfants de Lembach a souhait\u00e9 visiter la Communaut\u00e9 de Communes Sauer-Pechelbronn. Cette visite a eu lieu et les conseil des jeunes de Langensoultzbach et Froeschwiller y ont \u00e9galement \u00e9t\u00e9 associ\u00e9. Les jeunes de Lembach avaient \u00e9mis le souhait d\u2019une visite du\u00a0 Conseil G\u00e9n\u00e9ral et cette demande a eu un \u00e9cho favorable &hellip; <\/p>\n<p><a class=\"more-link btn\" href=\"https:\/\/www.lembach.fr\/mairie\/2012\/11\/13\/sortie-conseil-general-du-30-octobre\/\">Lire la suite<\/a><\/p>\n","protected":false},"author":1,"featured_media":0,"comment_status":"closed","ping_status":"open","sticky":false,"template":"","format":"standard","meta":{"footnotes":""},"categories":[11],"tags":[],"class_list":["post-1399","post","type-post","status-publish","format-standard","hentry","category-sorties-et-visites","item-wrap"],"_links":{"self":[{"href":"https:\/\/www.lembach.fr\/mairie\/wp-json\/wp\/v2\/posts\/1399","targetHints":{"allow":["GET"]}}],"collection":[{"href":"https:\/\/www.lembach.fr\/mairie\/wp-json\/wp\/v2\/posts"}],"about":[{"href":"https:\/\/www.lembach.fr\/mairie\/wp-json\/wp\/v2\/types\/post"}],"author":[{"embeddable":true,"href":"https:\/\/www.lembach.fr\/mairie\/wp-json\/wp\/v2\/users\/1"}],"replies":[{"embeddable":true,"href":"https:\/\/www.lembach.fr\/mairie\/wp-json\/wp\/v2\/comments?post=1399"}],"version-history":[{"count":0,"href":"https:\/\/www.lembach.fr\/mairie\/wp-json\/wp\/v2\/posts\/1399\/revisions"}],"wp:attachment":[{"href":"https:\/\/www.lembach.fr\/mairie\/wp-json\/wp\/v2\/media?parent=1399"}],"wp:term":[{"taxonomy":"category","embeddable":true,"href":"https:\/\/www.lembach.fr\/mairie\/wp-json\/wp\/v2\/categories?post=1399"},{"taxonomy":"post_tag","embeddable":true,"href":"https:\/\/www.lembach.fr\/mairie\/wp-json\/wp\/v2\/tags?post=1399"}],"curies":[{"name":"wp","href":"https:\/\/api.w.org\/{rel}","templated":true}]}}