{"id":4659,"date":"2021-11-10T07:47:50","date_gmt":"2021-11-10T06:47:50","guid":{"rendered":"https:\/\/www.lembach.fr\/ecole\/?p=4659"},"modified":"2021-11-25T07:52:45","modified_gmt":"2021-11-25T06:52:45","slug":"le-depute-explique-son-role-aux-ecoliers","status":"publish","type":"post","link":"https:\/\/www.lembach.fr\/ecole\/2021\/11\/10\/le-depute-explique-son-role-aux-ecoliers\/","title":{"rendered":"Le d\u00e9put\u00e9 explique son r\u00f4le aux \u00e9coliers"},"content":{"rendered":"<h2>Lundi 18 octobre, le d\u00e9put\u00e9 Fr\u00e9d\u00e9ric Reiss a honor\u00e9 l\u2019invitation de la classe CM2 de la directrice Marie-Laure Tesson, du regroupement p\u00e9dagogique intercommunal de Lembach : l\u2019\u00e9lu a pr\u00e9sent\u00e9 sa fonction et l\u2019Assembl\u00e9e nationale.<\/h2>\n<p>Le d\u00e9put\u00e9 <strong>Fr\u00e9d\u00e9ric Reiss<\/strong> a d\u00e9couvert le cadre particulier de la classe d\u00e9localis\u00e9e dans une structure modulable. N\u2019oubliant pas de rappeler que, pendant 30 ans, il a jou\u00e9 au football, m\u00eame \u00e0 Lembach, il a retrac\u00e9 sa carri\u00e8re d\u2019\u00e9lu, qu\u2019il a commenc\u00e9e comme maire de Niederbronn-les-Bains, puis conseiller g\u00e9n\u00e9ral avant de devenir d\u00e9put\u00e9. Les \u00e9l\u00e8ves avaient pr\u00e9par\u00e9 des questions, mais elles furent souvent spontan\u00e9es \u2014 une preuve que l\u2019\u00e9lu avait en face de lui des \u00e9coliers attentifs et avides de savoir.<\/p>\n<p>\u00c0 la question \u00ab <em><strong>comment devient-on d\u00e9put\u00e9 ?<\/strong><\/em> \u00bb, Fr\u00e9d\u00e9ric Reiss a r\u00e9pondu : \u00ab <em><strong>m\u00eame si certaines conditions doivent \u00eatre respect\u00e9es, chaque personne peut \u00eatre candidat \u00e0 une \u00e9lection l\u00e9gislative. C\u2019est un choix personnel.<\/strong> <\/em>\u00bb Rappelant les r\u00e8gles de scrutin, le d\u00e9put\u00e9 a mentionn\u00e9 des exceptions, comme cela a \u00e9t\u00e9 le cas pour lui en 2002 : \u00e9lu suppl\u00e9ant du d\u00e9put\u00e9 de Wissembourg, il a pris sa fonction quand celui-ci a \u00e9t\u00e9 nomm\u00e9 ministre. Ce peut \u00eatre aussi le cas lorsque le d\u00e9put\u00e9 en place ne peut plus exercer sa fonction, pour raison de sant\u00e9, par exemple.<\/p>\n<p style=\"text-align: center;\"><a href=\"https:\/\/www.lembach.fr\/ecole\/wp-content\/uploads\/2021\/11\/depute_reiss.jpg\"><img loading=\"lazy\" decoding=\"async\" class=\"alignnone size-full wp-image-4660\" src=\"https:\/\/www.lembach.fr\/ecole\/wp-content\/uploads\/2021\/11\/depute_reiss.jpg\" alt=\"\" width=\"640\" height=\"480\" srcset=\"https:\/\/www.lembach.fr\/ecole\/wp-content\/uploads\/2021\/11\/depute_reiss.jpg 640w, https:\/\/www.lembach.fr\/ecole\/wp-content\/uploads\/2021\/11\/depute_reiss-300x225.jpg 300w\" sizes=\"auto, (max-width: 640px) 100vw, 640px\" \/><\/a><br \/>\nLes enfants avec le d\u00e9put\u00e9 Fr\u00e9d\u00e9ric Reiss et la directrice d\u2019\u00e9cole, Marie-Laure Tesson<\/p>\n<p>Fr\u00e9d\u00e9ric Reiss a \u00e9voqu\u00e9 le r\u00f4le de l\u2019attach\u00e9 parlementaire, la mission du d\u00e9put\u00e9 lorsqu\u2019il ne si\u00e8ge pas \u00e0 l\u2019Assembl\u00e9e nationale, les commissions, la v\u00e9rification de la publication des d\u00e9crets d\u2019application des lois et le fonctionnement et l\u2019historique de l\u2019institution \u2013 il a \u00e9galement \u00e9voqu\u00e9 le r\u00f4le du S\u00e9nat.<\/p>\n<p>Les enfants ont surtout \u00e9t\u00e9 interrogatifs sur l\u2019emploi du temps d\u2019un d\u00e9put\u00e9, entre sessions de jour (trois s\u00e9ances par jour), de nuit, les permanences dans sa circonscription, les allers-retours en train\u2026 \u00ab <em><strong>C\u2019est une question d\u2019organisation !<\/strong> <\/em>\u00bb, a r\u00e9pondu Fr\u00e9d\u00e9ric Reiss, livrant quelques chiffres : l\u2019Assembl\u00e9e nationale compte 577 d\u00e9put\u00e9s, le Bas-Rhin 7, la circonscription de Wissembourg compte 125 communes.<\/p>\n<p>Pour d\u00e9couvrir l\u2019Assembl\u00e9e nationale au palais Bourbon, l\u2019\u00e9lu a remis \u00e0 chaque \u00e9l\u00e8ve un fascicule de pr\u00e9sentation sous forme de bande dessin\u00e9e et un porte-cl\u00e9s de l\u2019Assembl\u00e9e national.<\/p>\n<p style=\"text-align: right;\">Texte et photo : DNA<\/p>\n","protected":false},"excerpt":{"rendered":"<p>Lundi 18 octobre, le d\u00e9put\u00e9 Fr\u00e9d\u00e9ric Reiss a honor\u00e9 l\u2019invitation de la classe CM2 de la directrice Marie-Laure Tesson, du regroupement p\u00e9dagogique intercommunal de Lembach : l\u2019\u00e9lu a pr\u00e9sent\u00e9 sa fonction et l\u2019Assembl\u00e9e nationale. Le d\u00e9put\u00e9 Fr\u00e9d\u00e9ric Reiss a d\u00e9couvert &hellip; <a href=\"https:\/\/www.lembach.fr\/ecole\/2021\/11\/10\/le-depute-explique-son-role-aux-ecoliers\/\">Continuer la lecture <span class=\"meta-nav\">&rarr;<\/span><\/a><\/p>\n","protected":false},"author":1,"featured_media":0,"comment_status":"closed","ping_status":"closed","sticky":false,"template":"","format":"standard","meta":{"footnotes":""},"categories":[8],"tags":[],"class_list":["post-4659","post","type-post","status-publish","format-standard","hentry","category-reportages"],"_links":{"self":[{"href":"https:\/\/www.lembach.fr\/ecole\/wp-json\/wp\/v2\/posts\/4659","targetHints":{"allow":["GET"]}}],"collection":[{"href":"https:\/\/www.lembach.fr\/ecole\/wp-json\/wp\/v2\/posts"}],"about":[{"href":"https:\/\/www.lembach.fr\/ecole\/wp-json\/wp\/v2\/types\/post"}],"author":[{"embeddable":true,"href":"https:\/\/www.lembach.fr\/ecole\/wp-json\/wp\/v2\/users\/1"}],"replies":[{"embeddable":true,"href":"https:\/\/www.lembach.fr\/ecole\/wp-json\/wp\/v2\/comments?post=4659"}],"version-history":[{"count":0,"href":"https:\/\/www.lembach.fr\/ecole\/wp-json\/wp\/v2\/posts\/4659\/revisions"}],"wp:attachment":[{"href":"https:\/\/www.lembach.fr\/ecole\/wp-json\/wp\/v2\/media?parent=4659"}],"wp:term":[{"taxonomy":"category","embeddable":true,"href":"https:\/\/www.lembach.fr\/ecole\/wp-json\/wp\/v2\/categories?post=4659"},{"taxonomy":"post_tag","embeddable":true,"href":"https:\/\/www.lembach.fr\/ecole\/wp-json\/wp\/v2\/tags?post=4659"}],"curies":[{"name":"wp","href":"https:\/\/api.w.org\/{rel}","templated":true}]}}