{"id":4628,"date":"2021-09-03T08:45:00","date_gmt":"2021-09-03T06:45:00","guid":{"rendered":"https:\/\/www.lembach.fr\/ecole\/?p=4628"},"modified":"2021-09-03T08:50:31","modified_gmt":"2021-09-03T06:50:31","slug":"la-rentree-scolaire-delocalisee","status":"publish","type":"post","link":"https:\/\/www.lembach.fr\/ecole\/2021\/09\/03\/la-rentree-scolaire-delocalisee\/","title":{"rendered":"La rentr\u00e9e scolaire d\u00e9localis\u00e9e"},"content":{"rendered":"<h2>Jeudi 2 septembre, la rentr\u00e9e scolaire, maternelle et \u00e9l\u00e9mentaire, du Regroupement p\u00e9dagogique intercommunal (RPI) de Lembach s\u2019est faite sans incident mais d\u00e9localis\u00e9e \u00e0 La Scierie en raison des travaux de mise en conformit\u00e9 et de r\u00e9novation de l\u2019\u00e9cole.<\/h2>\n<p>Jusqu\u2019aux vacances de la Toussaint, l\u2019\u00e9cole a \u00e9t\u00e9 d\u00e9localis\u00e9e du c\u00f4t\u00e9 de la salle festive et sportive La Scierie, rue Andr\u00e9-Maginot. \u00c0 partir de la route de Woerth, la commune a mis en place une circulation giratoire pour d\u00e9poser et r\u00e9cup\u00e9rer les enfants sur le parking de la salle via la rue Andr\u00e9-Maginot avec retour par la rue de Droux.<\/p>\n<h3>Nouveau sens de circulation dans le quartier<\/h3>\n<p>Pour la rentr\u00e9e, il y avait du trafic (supervis\u00e9 par le maire <em><strong>Christian Trautmann<\/strong><\/em> et son adjoint <em><strong>Bernard Charbau<\/strong><\/em>), de nombreux parents ayant tenu \u00e0 accompagner leurs enfants pour cette premi\u00e8re journ\u00e9e de classe. La commune n\u2019a pas l\u00e9sin\u00e9 au niveau de la signalisation et la mise en place de panneaux ; le personnel technique s\u2019\u00e9tait \u00e9galement mobilis\u00e9.<\/p>\n<p>Les parents des \u00e9l\u00e8ves venant des villages d\u2019Obersteinbach, Niedersteinbach et Mattstall, dont certains ont d\u00e9couvert le quartier, n\u2019ont pas manqu\u00e9 de f\u00e9liciter les organisateurs. Pour le personnel p\u00e9dagogique et les enfants, c\u2019\u00e9tait aussi l\u2019\u00e9v\u00e9nement et le d\u00e9paysement.<\/p>\n<p style=\"text-align: center;\"><a href=\"https:\/\/www.lembach.fr\/ecole\/wp-content\/uploads\/2021\/09\/rentree2021_2.jpg\"><img loading=\"lazy\" decoding=\"async\" class=\"alignnone size-full wp-image-4630 aligncenter\" src=\"https:\/\/www.lembach.fr\/ecole\/wp-content\/uploads\/2021\/09\/rentree2021_2.jpg\" alt=\"\" width=\"640\" height=\"480\" srcset=\"https:\/\/www.lembach.fr\/ecole\/wp-content\/uploads\/2021\/09\/rentree2021_2.jpg 640w, https:\/\/www.lembach.fr\/ecole\/wp-content\/uploads\/2021\/09\/rentree2021_2-300x225.jpg 300w\" sizes=\"auto, (max-width: 640px) 100vw, 640px\" \/><\/a>Les trois sections de la maternelle ont de l\u2019espace<br \/>\ndans le grand complexe festif et sportif La Scierie.<\/p>\n<p>Les classes \u00e9l\u00e9mentaires ont fait leur rentr\u00e9e dans de spacieux et lumineux b\u00e2timents modulaires tandis que les sections de la maternelle ont pris leurs marques dans la grande salle de f\u00eate. Des espaces autour de la salle ont \u00e9t\u00e9 mat\u00e9rialis\u00e9s et s\u00e9curis\u00e9s pour les r\u00e9cr\u00e9ations.<\/p>\n<h3>Marie-Laure Tesson, nouvelle directrice<\/h3>\n<p style=\"text-align: center;\"><a href=\"https:\/\/www.lembach.fr\/ecole\/wp-content\/uploads\/2021\/09\/rentree2021_1.jpg\"><img loading=\"lazy\" decoding=\"async\" class=\"size-full wp-image-4629 aligncenter\" src=\"https:\/\/www.lembach.fr\/ecole\/wp-content\/uploads\/2021\/09\/rentree2021_1.jpg\" alt=\"\" width=\"640\" height=\"480\" srcset=\"https:\/\/www.lembach.fr\/ecole\/wp-content\/uploads\/2021\/09\/rentree2021_1.jpg 640w, https:\/\/www.lembach.fr\/ecole\/wp-content\/uploads\/2021\/09\/rentree2021_1-300x225.jpg 300w\" sizes=\"auto, (max-width: 640px) 100vw, 640px\" \/><\/a>Le maire et l\u2019adjoint ont rencontr\u00e9 la nouvelle directrice (en fond de salle)<br \/>\ndans une classe spacieuse et lumineuse am\u00e9nag\u00e9e dans des structures modulables.<\/p>\n<p>Par la suite le maire et son adjoint sont all\u00e9s \u00e0 la rencontre de l\u2019\u00e9quipe p\u00e9dagogique et ont souhait\u00e9 la bienvenue \u00e0 la nouvelle directrice <em><strong>Marie-Laure Tesson<\/strong> <\/em>(CM1\/CM2), sa d\u00e9charge de direction sera <em><strong>Manon Segard<\/strong><\/em>. <em><strong>Annelise Kugler<\/strong><\/em>, <em><strong>Dominique Specht<\/strong><\/em> et <em><strong>Audrey Ferrandini<\/strong><\/em> ont respectivement en charge les classes de CP, de CE1\/CE2 et CE2\/CM1. Les sections de maternelle gardent leurs ma\u00eetresses \u00e0 savoir <em><strong>Dominique Bischung<\/strong><\/em> et <em><strong>Estelle Richert<\/strong><\/em> second\u00e9es par les ATSEM <em><strong>Mich\u00e8le Boulois<\/strong><\/em> et <em><strong>Zehra Angun<\/strong><\/em>, cette derni\u00e8re \u00e9tant nouvelle venue. Quant \u00e0 <em><strong>Anita Fischer<\/strong><\/em>, elle a retrouv\u00e9 son poste d\u2019auxiliaire de vie.<\/p>\n<p>En r\u00e9sum\u00e9 une rentr\u00e9e ordinaire dans un cadre particulier !<\/p>\n<p style=\"text-align: right;\">texte et photos : Hub. K &#8211; DNA<\/p>\n","protected":false},"excerpt":{"rendered":"<p>Jeudi 2 septembre, la rentr\u00e9e scolaire, maternelle et \u00e9l\u00e9mentaire, du Regroupement p\u00e9dagogique intercommunal (RPI) de Lembach s\u2019est faite sans incident mais d\u00e9localis\u00e9e \u00e0 La Scierie en raison des travaux de mise en conformit\u00e9 et de r\u00e9novation de l\u2019\u00e9cole. Jusqu\u2019aux vacances &hellip; <a href=\"https:\/\/www.lembach.fr\/ecole\/2021\/09\/03\/la-rentree-scolaire-delocalisee\/\">Continuer la lecture <span class=\"meta-nav\">&rarr;<\/span><\/a><\/p>\n","protected":false},"author":1,"featured_media":0,"comment_status":"closed","ping_status":"closed","sticky":false,"template":"","format":"standard","meta":{"footnotes":""},"categories":[17],"tags":[],"class_list":["post-4628","post","type-post","status-publish","format-standard","hentry","category-information"],"_links":{"self":[{"href":"https:\/\/www.lembach.fr\/ecole\/wp-json\/wp\/v2\/posts\/4628","targetHints":{"allow":["GET"]}}],"collection":[{"href":"https:\/\/www.lembach.fr\/ecole\/wp-json\/wp\/v2\/posts"}],"about":[{"href":"https:\/\/www.lembach.fr\/ecole\/wp-json\/wp\/v2\/types\/post"}],"author":[{"embeddable":true,"href":"https:\/\/www.lembach.fr\/ecole\/wp-json\/wp\/v2\/users\/1"}],"replies":[{"embeddable":true,"href":"https:\/\/www.lembach.fr\/ecole\/wp-json\/wp\/v2\/comments?post=4628"}],"version-history":[{"count":0,"href":"https:\/\/www.lembach.fr\/ecole\/wp-json\/wp\/v2\/posts\/4628\/revisions"}],"wp:attachment":[{"href":"https:\/\/www.lembach.fr\/ecole\/wp-json\/wp\/v2\/media?parent=4628"}],"wp:term":[{"taxonomy":"category","embeddable":true,"href":"https:\/\/www.lembach.fr\/ecole\/wp-json\/wp\/v2\/categories?post=4628"},{"taxonomy":"post_tag","embeddable":true,"href":"https:\/\/www.lembach.fr\/ecole\/wp-json\/wp\/v2\/tags?post=4628"}],"curies":[{"name":"wp","href":"https:\/\/api.w.org\/{rel}","templated":true}]}}