{"id":4429,"date":"2025-03-02T14:47:56","date_gmt":"2025-03-02T13:47:56","guid":{"rendered":"https:\/\/www.lembach.fr\/ecole\/?p=4429"},"modified":"2025-04-03T12:52:18","modified_gmt":"2025-04-03T10:52:18","slug":"rentree-2021-inscriptions-a-lecole","status":"publish","type":"post","link":"https:\/\/www.lembach.fr\/ecole\/2025\/03\/02\/rentree-2021-inscriptions-a-lecole\/","title":{"rendered":"Rentr\u00e9e 2025: inscriptions \u00e0 l&rsquo;\u00e9cole"},"content":{"rendered":"<p><a href=\"https:\/\/www.lembach.fr\/ecole\/wp-content\/uploads\/2025\/04\/inscriptions_2025.jpg\"><img loading=\"lazy\" decoding=\"async\" class=\"size-full wp-image-4944 aligncenter\" src=\"https:\/\/www.lembach.fr\/ecole\/wp-content\/uploads\/2025\/04\/inscriptions_2025.jpg\" alt=\"\" width=\"640\" height=\"885\" srcset=\"https:\/\/www.lembach.fr\/ecole\/wp-content\/uploads\/2025\/04\/inscriptions_2025.jpg 640w, https:\/\/www.lembach.fr\/ecole\/wp-content\/uploads\/2025\/04\/inscriptions_2025-217x300.jpg 217w\" sizes=\"auto, (max-width: 640px) 100vw, 640px\" \/><\/a><\/p>\n","protected":false},"excerpt":{"rendered":"","protected":false},"author":1,"featured_media":0,"comment_status":"closed","ping_status":"closed","sticky":false,"template":"","format":"standard","meta":{"footnotes":""},"categories":[17],"tags":[],"class_list":["post-4429","post","type-post","status-publish","format-standard","hentry","category-information"],"_links":{"self":[{"href":"https:\/\/www.lembach.fr\/ecole\/wp-json\/wp\/v2\/posts\/4429","targetHints":{"allow":["GET"]}}],"collection":[{"href":"https:\/\/www.lembach.fr\/ecole\/wp-json\/wp\/v2\/posts"}],"about":[{"href":"https:\/\/www.lembach.fr\/ecole\/wp-json\/wp\/v2\/types\/post"}],"author":[{"embeddable":true,"href":"https:\/\/www.lembach.fr\/ecole\/wp-json\/wp\/v2\/users\/1"}],"replies":[{"embeddable":true,"href":"https:\/\/www.lembach.fr\/ecole\/wp-json\/wp\/v2\/comments?post=4429"}],"version-history":[{"count":5,"href":"https:\/\/www.lembach.fr\/ecole\/wp-json\/wp\/v2\/posts\/4429\/revisions"}],"predecessor-version":[{"id":4945,"href":"https:\/\/www.lembach.fr\/ecole\/wp-json\/wp\/v2\/posts\/4429\/revisions\/4945"}],"wp:attachment":[{"href":"https:\/\/www.lembach.fr\/ecole\/wp-json\/wp\/v2\/media?parent=4429"}],"wp:term":[{"taxonomy":"category","embeddable":true,"href":"https:\/\/www.lembach.fr\/ecole\/wp-json\/wp\/v2\/categories?post=4429"},{"taxonomy":"post_tag","embeddable":true,"href":"https:\/\/www.lembach.fr\/ecole\/wp-json\/wp\/v2\/tags?post=4429"}],"curies":[{"name":"wp","href":"https:\/\/api.w.org\/{rel}","templated":true}]}}