{"id":4346,"date":"2020-08-30T10:59:41","date_gmt":"2020-08-30T08:59:41","guid":{"rendered":"https:\/\/www.lembach.fr\/ecole\/?p=4346"},"modified":"2020-08-30T11:13:50","modified_gmt":"2020-08-30T09:13:50","slug":"cest-la-rentree","status":"publish","type":"post","link":"https:\/\/www.lembach.fr\/ecole\/2020\/08\/30\/cest-la-rentree\/","title":{"rendered":"C&rsquo;est la rentr\u00e9e!!"},"content":{"rendered":"<p><strong>La rentr\u00e9e des classes aura lieu pour tous les \u00e9l\u00e8ves\u00a0 le mardi 1er septembre.<\/strong><\/p>\n<p><img loading=\"lazy\" decoding=\"async\" class=\"wp-image-4348 aligncenter\" src=\"https:\/\/www.lembach.fr\/ecole\/wp-content\/uploads\/2020\/08\/rentree.jpg\" alt=\"\" width=\"198\" height=\"132\" srcset=\"https:\/\/www.lembach.fr\/ecole\/wp-content\/uploads\/2020\/08\/rentree.jpg 705w, https:\/\/www.lembach.fr\/ecole\/wp-content\/uploads\/2020\/08\/rentree-300x200.jpg 300w\" sizes=\"auto, (max-width: 198px) 100vw, 198px\" \/><strong>Voici q<\/strong><strong>uelques pr\u00e9cisions concernant <u>le jour de la rentr\u00e9e<\/u> et le protocole sanitaire mis en place<\/strong><strong>.<\/strong><\/p>\n<p><strong>Merci de respecter les horaires <\/strong>(ne pas venir trop t\u00f4t pour \u00e9viter les attroupements)<strong> et les gestes barri\u00e8res.<\/strong><\/p>\n<ul>\n<li>Ouverture de la cour \u00e0 7h55 et entr\u00e9e des \u00e9l\u00e8ves de CE1, CE2, CM1 et CM2 (\u00e9ventuellement CP non accompagn\u00e9 d&rsquo;un adulte). Ils se placeront imm\u00e9diatement \u00e0 l&rsquo;endroit pr\u00e9vu pour l&rsquo;entr\u00e9e en classe. Entr\u00e9e en classe \u00e0 8h.Les parents de ces \u00e9l\u00e8ves ne sont pas autoris\u00e9s \u00e0 entrer dans la cour.<\/li>\n<\/ul>\n<ul>\n<li>A 8h, entr\u00e9e dans la cour des \u00e9l\u00e8ves de maternelle et CP, et d&rsquo;un seul parent ou adulte par enfant. Par groupes de 5, les enfants pourront \u00eatre accompagn\u00e9s jusque dans la classe. Merci de ne pas prolonger le moment afin de pouvoir accueillir tous les enfants. Dans la mesure du possible, les \u00e9l\u00e8ves de PS viendront \u00e0 8h30.<\/li>\n<\/ul>\n<p><strong><span style=\"color: #ff0000;\">Le port du masque d\u00e8s l&rsquo;entr\u00e9e dans la cour et l\u2019usage du gel hydroalcoolique \u00e0 l\u2019entr\u00e9e du b\u00e2timent sont obligatoires pour tous les adultes.<\/span> <\/strong><\/p>\n<p><strong>\u00a0<\/strong><\/p>\n<p><strong>A partir du jeudi 3 septembre, <\/strong><\/p>\n<ul>\n<li>les parents des \u00e9l\u00e8ves de MS et GS ne seront plus autoris\u00e9s \u00e0 entrer dans l&rsquo;\u00e9cole. Les enseignantes prennent en charge les \u00e9l\u00e8ves sous le pr\u00e9au.<\/li>\n<li>les parents des \u00e9l\u00e8ves du CP au CM2 ne seront plus autoris\u00e9s \u00e0 entrer dans la cour.<\/li>\n<\/ul>\n","protected":false},"excerpt":{"rendered":"<p>La rentr\u00e9e des classes aura lieu pour tous les \u00e9l\u00e8ves\u00a0 le mardi 1er septembre. Voici quelques pr\u00e9cisions concernant le jour de la rentr\u00e9e et le protocole sanitaire mis en place. Merci de respecter les horaires (ne pas venir trop t\u00f4t &hellip; <a href=\"https:\/\/www.lembach.fr\/ecole\/2020\/08\/30\/cest-la-rentree\/\">Continuer la lecture <span class=\"meta-nav\">&rarr;<\/span><\/a><\/p>\n","protected":false},"author":1,"featured_media":0,"comment_status":"closed","ping_status":"closed","sticky":false,"template":"","format":"standard","meta":{"footnotes":""},"categories":[17],"tags":[],"class_list":["post-4346","post","type-post","status-publish","format-standard","hentry","category-information"],"_links":{"self":[{"href":"https:\/\/www.lembach.fr\/ecole\/wp-json\/wp\/v2\/posts\/4346","targetHints":{"allow":["GET"]}}],"collection":[{"href":"https:\/\/www.lembach.fr\/ecole\/wp-json\/wp\/v2\/posts"}],"about":[{"href":"https:\/\/www.lembach.fr\/ecole\/wp-json\/wp\/v2\/types\/post"}],"author":[{"embeddable":true,"href":"https:\/\/www.lembach.fr\/ecole\/wp-json\/wp\/v2\/users\/1"}],"replies":[{"embeddable":true,"href":"https:\/\/www.lembach.fr\/ecole\/wp-json\/wp\/v2\/comments?post=4346"}],"version-history":[{"count":0,"href":"https:\/\/www.lembach.fr\/ecole\/wp-json\/wp\/v2\/posts\/4346\/revisions"}],"wp:attachment":[{"href":"https:\/\/www.lembach.fr\/ecole\/wp-json\/wp\/v2\/media?parent=4346"}],"wp:term":[{"taxonomy":"category","embeddable":true,"href":"https:\/\/www.lembach.fr\/ecole\/wp-json\/wp\/v2\/categories?post=4346"},{"taxonomy":"post_tag","embeddable":true,"href":"https:\/\/www.lembach.fr\/ecole\/wp-json\/wp\/v2\/tags?post=4346"}],"curies":[{"name":"wp","href":"https:\/\/api.w.org\/{rel}","templated":true}]}}