{"id":4158,"date":"2020-06-18T17:46:30","date_gmt":"2020-06-18T15:46:30","guid":{"rendered":"https:\/\/www.lembach.fr\/ecole\/?p=4158"},"modified":"2020-06-19T10:00:59","modified_gmt":"2020-06-19T08:00:59","slug":"organisation-et-flux-deleves-pour-louverture-de-lecole","status":"publish","type":"post","link":"https:\/\/www.lembach.fr\/ecole\/2020\/06\/18\/organisation-et-flux-deleves-pour-louverture-de-lecole\/","title":{"rendered":"Flux d&rsquo;\u00e9l\u00e8ves \u00e0 partir du 22 juin"},"content":{"rendered":"<h2 style=\"text-align: center;\"><span style=\"text-decoration: underline; color: #ff0000;\"><strong>Informations !<\/strong><\/span><\/h2>\n<p><span style=\"color: #ff0000;\"><strong>Le nouveau protocole sanitaire assoupli sera appliqu\u00e9 \u00e0 partir du lundi 22 juin 2020.<br \/>\n<\/strong><\/span><\/p>\n<p>Voici les flux des entr\u00e9es et sorties mis en place \u00e0 partir de cette date et \u00e0 respecter par les parents et les \u00e9l\u00e8ves (clic sur les images pour agrandir) :<\/p>\n<table style=\"width: 100%; border-collapse: collapse; border-color: #000000; border-style: solid; height: 48px;\" border=\"5\">\n<tbody>\n<tr style=\"height: 24px;\">\n<td style=\"width: 50%; border-color: #000000; border-style: solid; text-align: center; vertical-align: middle; height: 24px;\">\u00a0<a href=\"https:\/\/www.lembach.fr\/ecole\/wp-content\/uploads\/2020\/06\/plan_entrees_22_juin.jpg\" target=\"_blank\" rel=\"noopener noreferrer\"><img loading=\"lazy\" decoding=\"async\" class=\"alignnone size-full wp-image-4242\" src=\"https:\/\/www.lembach.fr\/ecole\/wp-content\/uploads\/2020\/05\/plan_200_entrees_22_juin.jpg\" alt=\"\" width=\"200\" height=\"188\" \/><\/a><\/td>\n<td style=\"width: 50%; border-color: #000000; border-style: solid; text-align: center; vertical-align: middle; height: 24px;\"><a href=\"https:\/\/www.lembach.fr\/ecole\/wp-content\/uploads\/2020\/06\/plan_sorties_22_juin.jpg\" target=\"_blank\" rel=\"noopener noreferrer\"><img loading=\"lazy\" decoding=\"async\" class=\"alignnone size-full wp-image-4243\" src=\"https:\/\/www.lembach.fr\/ecole\/wp-content\/uploads\/2020\/05\/plan_200_sorties_22_juin.jpg\" alt=\"\" width=\"200\" height=\"188\" \/><\/a><\/td>\n<\/tr>\n<\/tbody>\n<\/table>\n<p>A l&rsquo;arriv\u00e9e les \u00e9l\u00e8ves se placeront dans les espaces r\u00e9serv\u00e9s \u00e0 leur groupe, tout en gardant une distance entre eux. Les \u00e9l\u00e8ves se d\u00e9placeront ensuite avec leur enseignant jusqu&rsquo;\u00e0 leur classe.<\/p>\n<p style=\"text-align: center;\"><span style=\"color: #ff0000;\"><strong>Aucun parent d&rsquo;\u00e9l\u00e8ve n&rsquo;est autoris\u00e9<br \/>\n<\/strong><\/span><span style=\"color: #ff0000;\"><strong>\u00e0 entrer dans le b\u00e2timent<br \/>\nlors de la d\u00e9pose ou de la reprise de son enfant.<\/strong><\/span><\/p>\n<p>Les adultes qui devraient venir chercher leur enfant pendant le temps scolaire, r\u00e9cup\u00e9rer des affaires ou se rendre \u00e0 un rendez-vous avec un(e) enseignant(e) devront se laver les mains \u00e0 l&rsquo;entr\u00e9e (mat\u00e9riel mis \u00e0 disposition) et obligatoirement porter un masque.<\/p>\n","protected":false},"excerpt":{"rendered":"<p>Informations ! Le nouveau protocole sanitaire assoupli sera appliqu\u00e9 \u00e0 partir du lundi 22 juin 2020. Voici les flux des entr\u00e9es et sorties mis en place \u00e0 partir de cette date et \u00e0 respecter par les parents et les \u00e9l\u00e8ves &hellip; <a href=\"https:\/\/www.lembach.fr\/ecole\/2020\/06\/18\/organisation-et-flux-deleves-pour-louverture-de-lecole\/\">Continuer la lecture <span class=\"meta-nav\">&rarr;<\/span><\/a><\/p>\n","protected":false},"author":1,"featured_media":0,"comment_status":"closed","ping_status":"closed","sticky":false,"template":"","format":"standard","meta":{"footnotes":""},"categories":[17],"tags":[],"class_list":["post-4158","post","type-post","status-publish","format-standard","hentry","category-information"],"_links":{"self":[{"href":"https:\/\/www.lembach.fr\/ecole\/wp-json\/wp\/v2\/posts\/4158","targetHints":{"allow":["GET"]}}],"collection":[{"href":"https:\/\/www.lembach.fr\/ecole\/wp-json\/wp\/v2\/posts"}],"about":[{"href":"https:\/\/www.lembach.fr\/ecole\/wp-json\/wp\/v2\/types\/post"}],"author":[{"embeddable":true,"href":"https:\/\/www.lembach.fr\/ecole\/wp-json\/wp\/v2\/users\/1"}],"replies":[{"embeddable":true,"href":"https:\/\/www.lembach.fr\/ecole\/wp-json\/wp\/v2\/comments?post=4158"}],"version-history":[{"count":0,"href":"https:\/\/www.lembach.fr\/ecole\/wp-json\/wp\/v2\/posts\/4158\/revisions"}],"wp:attachment":[{"href":"https:\/\/www.lembach.fr\/ecole\/wp-json\/wp\/v2\/media?parent=4158"}],"wp:term":[{"taxonomy":"category","embeddable":true,"href":"https:\/\/www.lembach.fr\/ecole\/wp-json\/wp\/v2\/categories?post=4158"},{"taxonomy":"post_tag","embeddable":true,"href":"https:\/\/www.lembach.fr\/ecole\/wp-json\/wp\/v2\/tags?post=4158"}],"curies":[{"name":"wp","href":"https:\/\/api.w.org\/{rel}","templated":true}]}}