{"id":3754,"date":"2019-11-20T06:54:50","date_gmt":"2019-11-20T05:54:50","guid":{"rendered":"https:\/\/www.lembach.fr\/ecole\/?p=3754"},"modified":"2020-07-03T12:05:27","modified_gmt":"2020-07-03T10:05:27","slug":"un-ramassage-de-papier-fructueux-2","status":"publish","type":"post","link":"https:\/\/www.lembach.fr\/ecole\/2019\/11\/20\/un-ramassage-de-papier-fructueux-2\/","title":{"rendered":"Un ramassage de papier fructueux"},"content":{"rendered":"<p>Samedi 16 novembre, l\u2019association des parents d\u2019\u00e9l\u00e8ves \u00ab <em><strong>Les \u00e9coliers du Heimbach<\/strong><\/em> \u00bb a invit\u00e9 les habitants des villages rattach\u00e9s au regroupement p\u00e9dagogique intercommunal de Lembach \u00e0 d\u00e9poser devant chez eux les papiers et cartons dont ils souhaitaient se d\u00e9barrasser.<\/p>\n<p>D\u00e8s 13 h, des \u00e9quipes avec fourgonnette ou remorques ont sillonn\u00e9 les rues d\u2019Obersteinbach, de Niedersteinbach, de Mattstall, du Pfaffenbronn et de la cit\u00e9 des Charbonniers.<\/p>\n<p>Pour cette 3e \u00e9dition, le ramassage a mobilis\u00e9 encore plus de monde, le beau temps ayant certainement motiv\u00e9 \u00e0 une participation familiale, avec les enfants. Ainsi d\u00e8s 15 heures, les deux bennes d\u00e9pos\u00e9es pr\u00e8s du <em><strong>stade Charles-Isel<\/strong><\/em> \u00e9taient quasiment remplies, soit quelque 75 m\u00b3 de papier et de carton.<\/p>\n<p>Le fruit de cette collecte est destin\u00e9 \u00e0 soutenir les actions et sorties au profit des enfants de l\u2019\u00e9cole Henri-Mertz.<\/p>\n<p><img loading=\"lazy\" decoding=\"async\" class=\"alignnone size-full wp-image-3755\" src=\"https:\/\/www.lembach.fr\/ecole\/wp-content\/uploads\/2019\/11\/vieux_papier.jpg\" alt=\"\" width=\"640\" height=\"364\" srcset=\"https:\/\/www.lembach.fr\/ecole\/wp-content\/uploads\/2019\/11\/vieux_papier.jpg 640w, https:\/\/www.lembach.fr\/ecole\/wp-content\/uploads\/2019\/11\/vieux_papier-300x171.jpg 300w\" sizes=\"auto, (max-width: 640px) 100vw, 640px\" \/><\/p>\n<p style=\"text-align: right;\">texte et photo : Hub. K<\/p>\n","protected":false},"excerpt":{"rendered":"<p>Samedi 16 novembre, l\u2019association des parents d\u2019\u00e9l\u00e8ves \u00ab Les \u00e9coliers du Heimbach \u00bb a invit\u00e9 les habitants des villages rattach\u00e9s au regroupement p\u00e9dagogique intercommunal de Lembach \u00e0 d\u00e9poser devant chez eux les papiers et cartons dont ils souhaitaient se d\u00e9barrasser. &hellip; <a href=\"https:\/\/www.lembach.fr\/ecole\/2019\/11\/20\/un-ramassage-de-papier-fructueux-2\/\">Continuer la lecture <span class=\"meta-nav\">&rarr;<\/span><\/a><\/p>\n","protected":false},"author":1,"featured_media":0,"comment_status":"closed","ping_status":"closed","sticky":false,"template":"","format":"standard","meta":{"footnotes":""},"categories":[17],"tags":[],"class_list":["post-3754","post","type-post","status-publish","format-standard","hentry","category-information"],"_links":{"self":[{"href":"https:\/\/www.lembach.fr\/ecole\/wp-json\/wp\/v2\/posts\/3754","targetHints":{"allow":["GET"]}}],"collection":[{"href":"https:\/\/www.lembach.fr\/ecole\/wp-json\/wp\/v2\/posts"}],"about":[{"href":"https:\/\/www.lembach.fr\/ecole\/wp-json\/wp\/v2\/types\/post"}],"author":[{"embeddable":true,"href":"https:\/\/www.lembach.fr\/ecole\/wp-json\/wp\/v2\/users\/1"}],"replies":[{"embeddable":true,"href":"https:\/\/www.lembach.fr\/ecole\/wp-json\/wp\/v2\/comments?post=3754"}],"version-history":[{"count":0,"href":"https:\/\/www.lembach.fr\/ecole\/wp-json\/wp\/v2\/posts\/3754\/revisions"}],"wp:attachment":[{"href":"https:\/\/www.lembach.fr\/ecole\/wp-json\/wp\/v2\/media?parent=3754"}],"wp:term":[{"taxonomy":"category","embeddable":true,"href":"https:\/\/www.lembach.fr\/ecole\/wp-json\/wp\/v2\/categories?post=3754"},{"taxonomy":"post_tag","embeddable":true,"href":"https:\/\/www.lembach.fr\/ecole\/wp-json\/wp\/v2\/tags?post=3754"}],"curies":[{"name":"wp","href":"https:\/\/api.w.org\/{rel}","templated":true}]}}