{"id":3703,"date":"2019-10-04T19:00:24","date_gmt":"2019-10-04T17:00:24","guid":{"rendered":"https:\/\/www.lembach.fr\/ecole\/?p=3703"},"modified":"2019-10-15T12:47:58","modified_gmt":"2019-10-15T10:47:58","slug":"le-village-commemore-les-100-ans-de-son-poete-henri-mertz","status":"publish","type":"post","link":"https:\/\/www.lembach.fr\/ecole\/2019\/10\/04\/le-village-commemore-les-100-ans-de-son-poete-henri-mertz\/","title":{"rendered":"Henri Mertz : centi\u00e8me anniversaire de naissance"},"content":{"rendered":"<h1>Lembach a comm\u00e9mor\u00e9 ce vendredi 4 octobre les 100 ans de la naissance du po\u00e8te Henri Mertz, originaire du village et fervent d\u00e9fenseur de l\u2019alsacien, dans l\u2019\u00e9cole primaire qui porte son nom. Son \u0153uvre est marqu\u00e9e par les tourments de l\u2019Alsace, et par l\u2019amour de son dialecte.<\/h1>\n<p>\u00ab <strong><em>Remarquable, tr\u00e8s modeste<\/em><\/strong> \u00bb, mais qui n\u2019avait pas peur \u00ab <em>de l\u2019ouvrir<\/em> \u00bb dans le domaine litt\u00e9raire : la description que fait le maire de Lembach, <em><strong>Charles Schlosser<\/strong><\/em>, du po\u00e8te Henri Mertz, trahit l\u2019admiration qu\u2019il a pr\u00eat\u00e9e \u00e0 cet ami, avec qui il a entretenu une correspondance suivie pendant plusieurs ann\u00e9es. La commune comm\u00e9morera donc le centenaire de la naissance \u00e0 Lembach de l\u2019artiste, \u00e0 l\u2019\u00e9cole qui porte son nom depuis 2016.<\/p>\n<h3><strong>Une vie marqu\u00e9e par la Seconde Guerre mondiale<\/strong><\/h3>\n<p><em><strong>Henri Mertz<\/strong> <\/em>est n\u00e9 le 4 octobre 1919 \u00e0 Lembach. Son p\u00e8re \u00e9tait forgeron : la grange dans laquelle il travaillait se dresse encore \u00e0 deux pas de la mairie. Devant la maison paternelle glougloute une fontaine, qui lui inspirera plusieurs po\u00e8mes. Il fr\u00e9quente l\u2019\u00e9cole primaire de Lembach, le coll\u00e8ge de Niederbronn puis le lyc\u00e9e de Phalsbourg : en 1937, Henri Mertz est brillamment re\u00e7u \u00e0 l\u2019\u00e9cole normale des instituteurs de Strasbourg. L\u2019\u00e9cole normale est \u00e9vacu\u00e9e \u00e0 P\u00e9rigueux en septembre 1939, Henri Mertz est mobilis\u00e9 l\u2019ann\u00e9e suivante. Il passe ses examens \u00e0 P\u00e9rigueux, avant de rentrer en Alsace en octobre 1940.<\/p>\n<h6 style=\"text-align: center;\"><img loading=\"lazy\" decoding=\"async\" class=\"alignnone size-full wp-image-3704\" src=\"https:\/\/www.lembach.fr\/ecole\/wp-content\/uploads\/2019\/10\/maison_natale_henri_mertz.jpg\" alt=\"\" width=\"640\" height=\"422\" srcset=\"https:\/\/www.lembach.fr\/ecole\/wp-content\/uploads\/2019\/10\/maison_natale_henri_mertz.jpg 640w, https:\/\/www.lembach.fr\/ecole\/wp-content\/uploads\/2019\/10\/maison_natale_henri_mertz-300x198.jpg 300w\" sizes=\"auto, (max-width: 640px) 100vw, 640px\" \/><br \/>\nLa grange de la maison dans laquelle Henri Mertz est n\u00e9 en 1919 : son p\u00e8re \u00e9tait forgeron dans le village.<\/h6>\n<p>La vie d\u2019Henri Mertz restera marqu\u00e9e par les \u00e9v\u00e9nements de la Seconde Guerre mondiale. En tant qu\u2019instituteur, il se voit d\u2019abord imposer la formation r\u00e9serv\u00e9e aux instituteurs alsaciens pour faire cours \u00e0 de jeunes Allemands, qu\u2019il suit \u00e0 l\u2019\u00eele de Reichenau, puis \u00e0 Fribourg-en-Brisgau, avant d\u2019enseigner dans une \u00e9cole du pays de Bade.<\/p>\n<p>\u00c0 l\u2019\u00e9t\u00e9 1943, Henri Mertz est incorpor\u00e9 de force, mais est d\u00e9clar\u00e9 inapte l\u2019ann\u00e9e suivante. Il est \u00e0 nouveau mobilis\u00e9, dans l\u2019arm\u00e9e fran\u00e7aise cette fois, au printemps 1945. \u00ab<em> Il a perdu un fr\u00e8re, des amis pendant la guerre, explique Charles Schlosser. Il a \u00e9t\u00e9 tr\u00e8s affect\u00e9 par ces \u00e9v\u00e9nements, mais aussi par la perte du dialecte alsacien. Ne l\u2019ayant pas connu dans sa jeunesse, je ne sais pas s\u2019il \u00e9tait sensible d\u00e8s le d\u00e9part, mais il a \u00e9t\u00e9 profond\u00e9ment marqu\u00e9 par l\u2019histoire et le destin de l\u2019Alsace.<\/em> \u00bb<br \/>\nHenri Mertz revient r\u00e9guli\u00e8rement dans les Vosges du Nord<\/p>\n<p>Apr\u00e8s la guerre, il enseigne encore pendant cinq ans \u00e0 Langensoultzbach, avant d\u2019\u00eatre mut\u00e9 \u00e0 Graffenstaden o\u00f9 il devient directeur d\u2019\u00e9cole. En 1961, il est promu professeur d\u2019enseignement g\u00e9n\u00e9ral de math\u00e9matiques.<\/p>\n<p>\u00ab <em>Il venait souvent voir sa m\u00e8re qui habitait encore \u00e0 Lembach<\/em>, se rappelle le maire Charles Schlosser. <em>Il aimait revenir dans les Vosges du Nord qu\u2019il n\u2019a jamais oubli\u00e9es.<\/em> \u00bb Il y a d\u2019ailleurs fait la connaissance de Paul Bertololy, m\u00e9decin et \u00e9crivain lui aussi venu de Lembach. \u00ab <em>Je pense que c\u2019est un peu son mod\u00e8le qui l\u2019a aid\u00e9 \u00e0 prendre la plume au d\u00e9but<\/em> \u00bb, estime Charles Schlosser.<\/p>\n<p>Henri Mertz d\u00e9c\u00e8de le 24 f\u00e9vrier 1999.<\/p>\n<h6 style=\"text-align: center;\"><img loading=\"lazy\" decoding=\"async\" class=\"alignnone size-full wp-image-3706\" src=\"https:\/\/www.lembach.fr\/ecole\/wp-content\/uploads\/2019\/10\/lecture_henri_mertz.jpg\" alt=\"\" width=\"640\" height=\"439\" srcset=\"https:\/\/www.lembach.fr\/ecole\/wp-content\/uploads\/2019\/10\/lecture_henri_mertz.jpg 640w, https:\/\/www.lembach.fr\/ecole\/wp-content\/uploads\/2019\/10\/lecture_henri_mertz-300x206.jpg 300w\" sizes=\"auto, (max-width: 640px) 100vw, 640px\" \/><br \/>\nHenri Mertz lors d\u2019une lecture \u00e0 Lembach, \u00e0 la fin des ann\u00e9es 1980<\/h6>\n<h3><strong>Une po\u00e9sie satirique en alsacien qui n\u2019\u00e9pargne personne<\/strong><\/h3>\n<p>En tout, le po\u00e8te aura publi\u00e9 quatre recueils de po\u00e8mes en alsacien et en allemand litt\u00e9raire, qui lui vaudront le Bretzel d\u2019or de la litt\u00e9rature alsacienne en 1979, \u00ab <em>une reconnaissance assez rapide de son talent puisque son premier recueil est sorti en 1975<\/em>, note Charles Schlosser. <em>Il contribuait ponctuellement \u00e0 la revue locale d\u2019histoire et de culture,<strong> Le Ch\u00eane<\/strong> , c\u2019est comme cela que je l\u2019ai connu<\/em> \u00bb, se souvient Charles Schlosser. Il participera d\u2019ailleurs \u00e0 l\u2019\u00e9dition de po\u00e8mes en allemands in\u00e9dits d\u2019Henri Mertz apr\u00e8s sa mort, dans le recueil <strong><em>Spaetlese<\/em><\/strong> (\u00ab <em>Vendanges tardives<\/em> \u00bb).<\/p>\n<p>\u00ab <em>Sa po\u00e9sie est caract\u00e9ris\u00e9e par son rythme et sa vitalit\u00e9 &#8211; d\u2019ailleurs, elle a \u00e9t\u00e9 mise en musique par de nombreux artistes alsaciens comme <strong>Ren\u00e9 Egles<\/strong>, <strong>Fran\u00e7ois Brumbt<\/strong> ou encore <strong>Isabelle Grusselmeyer<\/strong>. Mais elle peut \u00eatre tr\u00e8s lyrique, comme son po\u00e8me sur sa m\u00e8re ou celui sur la fontaine devant la maison de son p\u00e8re, mais elle est surtout satirique<\/em> \u00bb, pr\u00e9sente Charles Schlosser.<\/p>\n<p>Parmi les th\u00e8mes f\u00e9tiches de l\u2019artiste, le maire compte \u00ab <em>le monde moderne, le b\u00e9ton qui remplace la nature. Il a v\u00e9cu \u00e0 l\u2019\u00e9poque de la construction des centrales nucl\u00e9aires, Fessenheim fonctionnait d\u00e9j\u00e0, Wihl et Fegersheim \u00e9taient en projet\u2026 Il n\u2019\u00e9tait pas sur le terrain mais soutenait le mouvement de contestation.<\/em> \u00bb<\/p>\n<p>Il avait aussi \u00ab <em>le souci de l\u2019avenir du dialecte<\/em> \u00bb, dont il usait avec fac\u00e9tie dans ses po\u00e8mes, associant les mots et se riant de ceux parlant un alsacien p\u00e9tri de vocables fran\u00e7ais. \u00ab <em>Il avait le sentiment que l\u2019Alsace et l\u2019alsacien n\u2019avaient pas \u00e9t\u00e9 g\u00e2t\u00e9s pendant la Seconde Guerre mondiale : la guerre, l\u2019incorporation de force, la langue maltrait\u00e9e et les politiques qui ne faisaient rien pour enrayer cela, l\u2019ont beaucoup fait souffrir, cela transpara\u00eet dans beaucoup de ses po\u00e8mes.<\/em> \u00bb<\/p>\n<p style=\"text-align: right;\">Texte et photos : DNA \/L\u00e9a SCHNEIDER<\/p>\n","protected":false},"excerpt":{"rendered":"<p>Lembach a comm\u00e9mor\u00e9 ce vendredi 4 octobre les 100 ans de la naissance du po\u00e8te Henri Mertz, originaire du village et fervent d\u00e9fenseur de l\u2019alsacien, dans l\u2019\u00e9cole primaire qui porte son nom. Son \u0153uvre est marqu\u00e9e par les tourments de &hellip; <a href=\"https:\/\/www.lembach.fr\/ecole\/2019\/10\/04\/le-village-commemore-les-100-ans-de-son-poete-henri-mertz\/\">Continuer la lecture <span class=\"meta-nav\">&rarr;<\/span><\/a><\/p>\n","protected":false},"author":1,"featured_media":0,"comment_status":"closed","ping_status":"closed","sticky":false,"template":"","format":"standard","meta":{"footnotes":""},"categories":[8],"tags":[],"class_list":["post-3703","post","type-post","status-publish","format-standard","hentry","category-reportages"],"_links":{"self":[{"href":"https:\/\/www.lembach.fr\/ecole\/wp-json\/wp\/v2\/posts\/3703","targetHints":{"allow":["GET"]}}],"collection":[{"href":"https:\/\/www.lembach.fr\/ecole\/wp-json\/wp\/v2\/posts"}],"about":[{"href":"https:\/\/www.lembach.fr\/ecole\/wp-json\/wp\/v2\/types\/post"}],"author":[{"embeddable":true,"href":"https:\/\/www.lembach.fr\/ecole\/wp-json\/wp\/v2\/users\/1"}],"replies":[{"embeddable":true,"href":"https:\/\/www.lembach.fr\/ecole\/wp-json\/wp\/v2\/comments?post=3703"}],"version-history":[{"count":0,"href":"https:\/\/www.lembach.fr\/ecole\/wp-json\/wp\/v2\/posts\/3703\/revisions"}],"wp:attachment":[{"href":"https:\/\/www.lembach.fr\/ecole\/wp-json\/wp\/v2\/media?parent=3703"}],"wp:term":[{"taxonomy":"category","embeddable":true,"href":"https:\/\/www.lembach.fr\/ecole\/wp-json\/wp\/v2\/categories?post=3703"},{"taxonomy":"post_tag","embeddable":true,"href":"https:\/\/www.lembach.fr\/ecole\/wp-json\/wp\/v2\/tags?post=3703"}],"curies":[{"name":"wp","href":"https:\/\/api.w.org\/{rel}","templated":true}]}}