{"id":3622,"date":"2019-05-05T09:16:24","date_gmt":"2019-05-05T07:16:24","guid":{"rendered":"https:\/\/www.lembach.fr\/ecole\/?p=3622"},"modified":"2019-09-07T09:42:20","modified_gmt":"2019-09-07T07:42:20","slug":"un-ramassage-de-papier-fructueux","status":"publish","type":"post","link":"https:\/\/www.lembach.fr\/ecole\/2019\/05\/05\/un-ramassage-de-papier-fructueux\/","title":{"rendered":"Un ramassage de papier fructueux"},"content":{"rendered":"<h2>Samedi 4 mai, l\u2019association des parents d\u2019\u00e9l\u00e8ves \u00ab Les \u00e9coliers du Heimbach \u00bb a organis\u00e9 un ramassage de papier et de carton dans les cadre des activit\u00e9s de l\u2019\u00e9cole Henri-Mertz de Lembach.<\/h2>\n<h3><img loading=\"lazy\" decoding=\"async\" class=\"size-full wp-image-3624 aligncenter\" src=\"https:\/\/www.lembach.fr\/ecole\/wp-content\/uploads\/2019\/05\/ramassage_papier_2019.jpg\" alt=\"\" width=\"500\" height=\"436\" srcset=\"https:\/\/www.lembach.fr\/ecole\/wp-content\/uploads\/2019\/05\/ramassage_papier_2019.jpg 500w, https:\/\/www.lembach.fr\/ecole\/wp-content\/uploads\/2019\/05\/ramassage_papier_2019-300x262.jpg 300w\" sizes=\"auto, (max-width: 500px) 100vw, 500px\" \/><\/h3>\n<p>Malgr\u00e9 une pluie persistance, les b\u00e9n\u00e9voles ont assur\u00e9 le d\u00e9chargement des v\u00e9hicules et remorques de ramassage et l\u2019entassement du papier dans les bennes.<\/p>\n<p>Dans le cadre du Regroupement p\u00e9dagogique intercommunal (RPI) de Mattstall, Nieder- et Obersteinbach, Pfaffenbronn et Lembach, une vingtaine de parents et b\u00e9n\u00e9voles s\u2019\u00e9tait mobilis\u00e9e en d\u00e9but d\u2019apr\u00e8s-midi pour la collecte. Les uns, avec utilitaires ou remorques, ont sillonn\u00e9 toutes les rues du village pour charger le papier d\u00e9pos\u00e9 par les riverains devant leurs propri\u00e9t\u00e9s, les autres se sont charg\u00e9s de la d\u00e9pose dans les bennes. Sur le parking du stade Charles-Isel, une entreprise de r\u00e9cup\u00e9ration avait mis \u00e0 disposition deux bennes de 40 et 36 m\u00b3. La collecte de papier journal, entre autres, a permis de remplir une benne et demie, environ 58 m\u00b3 , soit 9,6 tonnes de papier.<\/p>\n","protected":false},"excerpt":{"rendered":"<p>Samedi 4 mai, l\u2019association des parents d\u2019\u00e9l\u00e8ves \u00ab Les \u00e9coliers du Heimbach \u00bb a organis\u00e9 un ramassage de papier et de carton dans les cadre des activit\u00e9s de l\u2019\u00e9cole Henri-Mertz de Lembach. Malgr\u00e9 une pluie persistance, les b\u00e9n\u00e9voles ont assur\u00e9 &hellip; <a href=\"https:\/\/www.lembach.fr\/ecole\/2019\/05\/05\/un-ramassage-de-papier-fructueux\/\">Continuer la lecture <span class=\"meta-nav\">&rarr;<\/span><\/a><\/p>\n","protected":false},"author":1,"featured_media":0,"comment_status":"closed","ping_status":"closed","sticky":false,"template":"","format":"standard","meta":{"footnotes":""},"categories":[17],"tags":[],"class_list":["post-3622","post","type-post","status-publish","format-standard","hentry","category-information"],"_links":{"self":[{"href":"https:\/\/www.lembach.fr\/ecole\/wp-json\/wp\/v2\/posts\/3622","targetHints":{"allow":["GET"]}}],"collection":[{"href":"https:\/\/www.lembach.fr\/ecole\/wp-json\/wp\/v2\/posts"}],"about":[{"href":"https:\/\/www.lembach.fr\/ecole\/wp-json\/wp\/v2\/types\/post"}],"author":[{"embeddable":true,"href":"https:\/\/www.lembach.fr\/ecole\/wp-json\/wp\/v2\/users\/1"}],"replies":[{"embeddable":true,"href":"https:\/\/www.lembach.fr\/ecole\/wp-json\/wp\/v2\/comments?post=3622"}],"version-history":[{"count":0,"href":"https:\/\/www.lembach.fr\/ecole\/wp-json\/wp\/v2\/posts\/3622\/revisions"}],"wp:attachment":[{"href":"https:\/\/www.lembach.fr\/ecole\/wp-json\/wp\/v2\/media?parent=3622"}],"wp:term":[{"taxonomy":"category","embeddable":true,"href":"https:\/\/www.lembach.fr\/ecole\/wp-json\/wp\/v2\/categories?post=3622"},{"taxonomy":"post_tag","embeddable":true,"href":"https:\/\/www.lembach.fr\/ecole\/wp-json\/wp\/v2\/tags?post=3622"}],"curies":[{"name":"wp","href":"https:\/\/api.w.org\/{rel}","templated":true}]}}