{"id":2939,"date":"2017-12-23T21:16:49","date_gmt":"2017-12-23T20:16:49","guid":{"rendered":"https:\/\/www.lembach.fr\/ecole\/?p=2939"},"modified":"2018-01-23T21:22:48","modified_gmt":"2018-01-23T20:22:48","slug":"le-pere-noel-chez-les-petits","status":"publish","type":"post","link":"https:\/\/www.lembach.fr\/ecole\/2017\/12\/23\/le-pere-noel-chez-les-petits\/","title":{"rendered":"Le P\u00e8re No\u00ebl chez les petits"},"content":{"rendered":"<h3>\u00c0 la veille des vacances, les sections maternelles de l\u2019\u00e9cole Henri-Mertz de Lembach ont termin\u00e9 l\u2019ann\u00e9e en accueillant le P\u00e8re No\u00ebl.<\/h3>\n<p>Rassembl\u00e9s dans la salle d\u2019activit\u00e9s vendredi 22 d\u00e9cembre, les enfants (petits, moyens et grands) ont chant\u00e9 les traditionnels <em>Mon beau Sapin<\/em> , <em>Kling Gl\u00f6ckchen Kling<\/em> entre autres.<\/p>\n<p>Quand ils ont entonn\u00e9 l\u2019in\u00e9vitable <em>Petit Papa No\u00ebl<\/em> , l\u2019int\u00e9ress\u00e9, de passage dans la rue de l\u2019\u00e9cole, a pouss\u00e9 la porte ! Apr\u00e8s s\u2019\u00eatre inform\u00e9 aupr\u00e8s des ma\u00eetresses sur la sagesse de chacun, il a d\u00e9duit que tous les enfants avaient \u00e9t\u00e9 sages\u2026 \u00ab ou presque \u00bb !<\/p>\n<p>Il a r\u00e9compens\u00e9 chaque enfant en lui remettant un livre. Apr\u00e8s ce moment d\u2019\u00e9motion, les \u00e9coliers ont partag\u00e9 un go\u00fbter avec des <em>bredle<\/em> confectionn\u00e9s par les enfants \u00e0 l\u2019\u00e9cole.<\/p>\n<p><img loading=\"lazy\" decoding=\"async\" class=\"size-full wp-image-2941 aligncenter\" src=\"https:\/\/www.lembach.fr\/ecole\/wp-content\/uploads\/2017\/12\/pere_noel_2017.jpg\" alt=\"\" width=\"800\" height=\"430\" srcset=\"https:\/\/www.lembach.fr\/ecole\/wp-content\/uploads\/2017\/12\/pere_noel_2017.jpg 800w, https:\/\/www.lembach.fr\/ecole\/wp-content\/uploads\/2017\/12\/pere_noel_2017-300x161.jpg 300w, https:\/\/www.lembach.fr\/ecole\/wp-content\/uploads\/2017\/12\/pere_noel_2017-768x413.jpg 768w\" sizes=\"auto, (max-width: 800px) 100vw, 800px\" \/><\/p>\n","protected":false},"excerpt":{"rendered":"<p>\u00c0 la veille des vacances, les sections maternelles de l\u2019\u00e9cole Henri-Mertz de Lembach ont termin\u00e9 l\u2019ann\u00e9e en accueillant le P\u00e8re No\u00ebl. Rassembl\u00e9s dans la salle d\u2019activit\u00e9s vendredi 22 d\u00e9cembre, les enfants (petits, moyens et grands) ont chant\u00e9 les traditionnels Mon &hellip; <a href=\"https:\/\/www.lembach.fr\/ecole\/2017\/12\/23\/le-pere-noel-chez-les-petits\/\">Continuer la lecture <span class=\"meta-nav\">&rarr;<\/span><\/a><\/p>\n","protected":false},"author":1,"featured_media":0,"comment_status":"closed","ping_status":"closed","sticky":false,"template":"","format":"standard","meta":{"footnotes":""},"categories":[9],"tags":[],"class_list":["post-2939","post","type-post","status-publish","format-standard","hentry","category-manifestations"],"_links":{"self":[{"href":"https:\/\/www.lembach.fr\/ecole\/wp-json\/wp\/v2\/posts\/2939","targetHints":{"allow":["GET"]}}],"collection":[{"href":"https:\/\/www.lembach.fr\/ecole\/wp-json\/wp\/v2\/posts"}],"about":[{"href":"https:\/\/www.lembach.fr\/ecole\/wp-json\/wp\/v2\/types\/post"}],"author":[{"embeddable":true,"href":"https:\/\/www.lembach.fr\/ecole\/wp-json\/wp\/v2\/users\/1"}],"replies":[{"embeddable":true,"href":"https:\/\/www.lembach.fr\/ecole\/wp-json\/wp\/v2\/comments?post=2939"}],"version-history":[{"count":0,"href":"https:\/\/www.lembach.fr\/ecole\/wp-json\/wp\/v2\/posts\/2939\/revisions"}],"wp:attachment":[{"href":"https:\/\/www.lembach.fr\/ecole\/wp-json\/wp\/v2\/media?parent=2939"}],"wp:term":[{"taxonomy":"category","embeddable":true,"href":"https:\/\/www.lembach.fr\/ecole\/wp-json\/wp\/v2\/categories?post=2939"},{"taxonomy":"post_tag","embeddable":true,"href":"https:\/\/www.lembach.fr\/ecole\/wp-json\/wp\/v2\/tags?post=2939"}],"curies":[{"name":"wp","href":"https:\/\/api.w.org\/{rel}","templated":true}]}}