{"id":2819,"date":"2017-10-06T07:30:08","date_gmt":"2017-10-06T05:30:08","guid":{"rendered":"https:\/\/www.lembach.fr\/ecole\/?p=2819"},"modified":"2017-10-06T07:38:38","modified_gmt":"2017-10-06T05:38:38","slug":"promenade-au-jardin-de-la-paix","status":"publish","type":"post","link":"https:\/\/www.lembach.fr\/ecole\/2017\/10\/06\/promenade-au-jardin-de-la-paix\/","title":{"rendered":"Promenade au jardin de la Paix"},"content":{"rendered":"<h1>Vendredi 23 septembre la classe de CP s\u2019est rendue au jardin de la Paix \u00e0 Lembach.<br \/>\nC\u2019est un jardin public\u00a0: tout le monde peut y acc\u00e9der librement.<\/h1>\n<p>Les \u00e9l\u00e8ves ont observ\u00e9 les fleurs plant\u00e9es par leurs pr\u00e9d\u00e9cesseurs avec la ma\u00eetresse.<br \/>\nIls ont pr\u00e9lev\u00e9 des graines qu\u2019ils s\u00e8meront \u00e0 leur tour au printemps prochain.<\/p>\n<p>Dans la partie \u00ab\u00a0verger\u00a0\u00bb les enfants ont jou\u00e9 librement, ont admir\u00e9 la sculpture de <strong>Gregory Popp<\/strong> intitul\u00e9e \u00ab <strong>Flamme de la Paix<\/strong>\u00a0\u00bb et \u00e9cout\u00e9 la lecture d\u2019un des <em>ha\u00efkus<\/em> (po\u00e8mes japonais) affich\u00e9s le long du jardin.<\/p>\n<p><img loading=\"lazy\" decoding=\"async\" class=\"wp-image-2821 size-full aligncenter\" src=\"https:\/\/www.lembach.fr\/ecole\/wp-content\/uploads\/2017\/10\/jardin_cp_sept2017_12.jpg\" alt=\"\" width=\"500\" height=\"375\" srcset=\"https:\/\/www.lembach.fr\/ecole\/wp-content\/uploads\/2017\/10\/jardin_cp_sept2017_12.jpg 500w, https:\/\/www.lembach.fr\/ecole\/wp-content\/uploads\/2017\/10\/jardin_cp_sept2017_12-300x225.jpg 300w\" sizes=\"auto, (max-width: 500px) 100vw, 500px\" \/> Ils ont aussi d\u00e9couvert la \u00ab\u00a0<em>gloriette<\/em>\u00a0\u00bb abritant des livres mis \u00e0 disposition des amis de la lecture. Cette petite maisonnette a malheureusement d\u00e9j\u00e0 \u00e9t\u00e9 ab\u00eem\u00e9e par des individus de passage. Quel dommage\u00a0! Dans un espace public on se doit de respecter l\u2019environnement et les structures mises en place.<\/p>\n<p><img loading=\"lazy\" decoding=\"async\" class=\"alignnone size-full wp-image-2820 aligncenter\" src=\"https:\/\/www.lembach.fr\/ecole\/wp-content\/uploads\/2017\/10\/jardin_cp_sept2017_07.jpg\" alt=\"\" width=\"500\" height=\"375\" srcset=\"https:\/\/www.lembach.fr\/ecole\/wp-content\/uploads\/2017\/10\/jardin_cp_sept2017_07.jpg 500w, https:\/\/www.lembach.fr\/ecole\/wp-content\/uploads\/2017\/10\/jardin_cp_sept2017_07-300x225.jpg 300w\" sizes=\"auto, (max-width: 500px) 100vw, 500px\" \/><\/p>\n<p>Les enfants reviendront avant les vacances de la Toussaint pour enlever les fleurs fan\u00e9es et retourner la terre qui aura droit au repos hivernal.<\/p>\n<p><img loading=\"lazy\" decoding=\"async\" class=\"alignnone wp-image-2822 size-full aligncenter\" src=\"https:\/\/www.lembach.fr\/ecole\/wp-content\/uploads\/2017\/10\/jardin_cp_sept2017_14.jpg\" alt=\"\" width=\"500\" height=\"375\" srcset=\"https:\/\/www.lembach.fr\/ecole\/wp-content\/uploads\/2017\/10\/jardin_cp_sept2017_14.jpg 500w, https:\/\/www.lembach.fr\/ecole\/wp-content\/uploads\/2017\/10\/jardin_cp_sept2017_14-300x225.jpg 300w\" sizes=\"auto, (max-width: 500px) 100vw, 500px\" \/><\/p>\n<p>Les photos de la sortie sont sur <span style=\"text-decoration: underline;\"><strong><a href=\"http:\/\/ec.lembach.free.fr\/album\/index.php?\/category\/340\">l&rsquo;album de l&rsquo;\u00e9cole<\/a><\/strong><\/span>.<\/p>\n<p>&nbsp;<\/p>\n","protected":false},"excerpt":{"rendered":"<p>Vendredi 23 septembre la classe de CP s\u2019est rendue au jardin de la Paix \u00e0 Lembach. C\u2019est un jardin public\u00a0: tout le monde peut y acc\u00e9der librement. Les \u00e9l\u00e8ves ont observ\u00e9 les fleurs plant\u00e9es par leurs pr\u00e9d\u00e9cesseurs avec la ma\u00eetresse. &hellip; <a href=\"https:\/\/www.lembach.fr\/ecole\/2017\/10\/06\/promenade-au-jardin-de-la-paix\/\">Continuer la lecture <span class=\"meta-nav\">&rarr;<\/span><\/a><\/p>\n","protected":false},"author":1,"featured_media":0,"comment_status":"closed","ping_status":"closed","sticky":false,"template":"","format":"standard","meta":{"footnotes":""},"categories":[5],"tags":[],"class_list":["post-2819","post","type-post","status-publish","format-standard","hentry","category-sorties"],"_links":{"self":[{"href":"https:\/\/www.lembach.fr\/ecole\/wp-json\/wp\/v2\/posts\/2819","targetHints":{"allow":["GET"]}}],"collection":[{"href":"https:\/\/www.lembach.fr\/ecole\/wp-json\/wp\/v2\/posts"}],"about":[{"href":"https:\/\/www.lembach.fr\/ecole\/wp-json\/wp\/v2\/types\/post"}],"author":[{"embeddable":true,"href":"https:\/\/www.lembach.fr\/ecole\/wp-json\/wp\/v2\/users\/1"}],"replies":[{"embeddable":true,"href":"https:\/\/www.lembach.fr\/ecole\/wp-json\/wp\/v2\/comments?post=2819"}],"version-history":[{"count":0,"href":"https:\/\/www.lembach.fr\/ecole\/wp-json\/wp\/v2\/posts\/2819\/revisions"}],"wp:attachment":[{"href":"https:\/\/www.lembach.fr\/ecole\/wp-json\/wp\/v2\/media?parent=2819"}],"wp:term":[{"taxonomy":"category","embeddable":true,"href":"https:\/\/www.lembach.fr\/ecole\/wp-json\/wp\/v2\/categories?post=2819"},{"taxonomy":"post_tag","embeddable":true,"href":"https:\/\/www.lembach.fr\/ecole\/wp-json\/wp\/v2\/tags?post=2819"}],"curies":[{"name":"wp","href":"https:\/\/api.w.org\/{rel}","templated":true}]}}