{"id":2712,"date":"2017-07-01T09:54:08","date_gmt":"2017-07-01T07:54:08","guid":{"rendered":"http:\/\/www.lembach.fr\/ecole\/?p=2712"},"modified":"2017-07-07T18:59:53","modified_gmt":"2017-07-07T16:59:53","slug":"fete-des-ecoliers","status":"publish","type":"post","link":"https:\/\/www.lembach.fr\/ecole\/2017\/07\/01\/fete-des-ecoliers\/","title":{"rendered":"La f\u00eate des \u00e9coliers"},"content":{"rendered":"<h2>La f\u00eate de l&rsquo;\u00e9cole de cette ann\u00e9e a fait peau neuve !<\/h2>\n<h2>En effet, les enseignants avaient d\u00e9cid\u00e9 de ne pas organiser de f\u00eate de fin d&rsquo;ann\u00e9e, pris par les tr\u00e8s nombreuses activit\u00e9s p\u00e9dagogiques organis\u00e9es au cours de l&rsquo;ann\u00e9e scolaire et surtout en cette fin d&rsquo;ann\u00e9e.<\/h2>\n<p>Qu&rsquo;\u00e0 cela ne tienne ! <span style=\"text-decoration: underline;\">l&rsquo;\u00e9quipe des repr\u00e9sentants des parents<\/span> a pris courageusement la rel\u00e8ve et a organis\u00e9 de main de ma\u00eetre cette \u00e9dition 2017 de la f\u00eate appel\u00e9e \u00ab\u00a0<em><strong>F\u00eate des \u00e9coliers<\/strong><\/em>\u00ab\u00a0. Aid\u00e9s par d&rsquo;autres parents volontaires, ils ont invit\u00e9 \u00e9l\u00e8ves et parents dans la cour de l&rsquo;\u00e9cole \u00e0 partir de 18h en ce vendredi 30 juin.<\/p>\n<p>Au programme : une prestation musicale du groupe \u00ab\u00a0<em><strong>Gimbel&rsquo;Oh Fatch<\/strong><\/em>\u00ab\u00a0, une sc\u00e8ne ouverte aux enfants de l&rsquo;\u00e9cole les plus courageux pour des prestations chant\u00e9es et dans\u00e9es ou jou\u00e9es. Il y avait aussi des d\u00e9monstrations des groupes de Hip-Hop de <em><strong>Laetitia Richter<\/strong><\/em>.<\/p>\n<p>D&rsquo;autres activit\u00e9s \u00e9taient propos\u00e9es : atelier de bricolage par les membres de l&rsquo;<em><strong>ACLLE<\/strong><\/em>, ateliers de maquillage, jeu de piste, une exposition d\u2019\u0153uvres artistiques r\u00e9alis\u00e9es lors des activit\u00e9s p\u00e9dagogiques compl\u00e9mentaires (APC organis\u00e9es par la Mairie)&#8230;<\/p>\n<p>Bien s\u00fbr, la traditionnelle tombola a fait bien des heureux avec des billets (tous gagnants) vendus par les \u00e9l\u00e8ves dans l&rsquo;assistance au cours de la soir\u00e9e.<\/p>\n<p>La restauration \u00e9tait assur\u00e9e avec d&rsquo;excellentes tartes flamb\u00e9es, un bar avec des boissons rafra\u00eechissantes et un stand caf\u00e9\/g\u00e2teaux tr\u00e8s all\u00e9chant.<\/p>\n<p>Le temps incertain a finalement permis la r\u00e9ussite totale de la f\u00eate en \u00e9pargnant les visiteurs de la pluie et ce fut une f\u00eate bien r\u00e9ussie.<\/p>\n<p style=\"text-align: center;\">Ci-dessous, l&rsquo;article des DNA du 7 juillet 2017<\/p>\n<p style=\"text-align: center;\"><a href=\"http:\/\/www.lembach.fr\/ecole\/wp-content\/uploads\/2017\/07\/fete_des_ecoliers.jpg\"><img loading=\"lazy\" decoding=\"async\" class=\"alignnone wp-image-2744 size-medium\" src=\"http:\/\/www.lembach.fr\/ecole\/wp-content\/uploads\/2017\/07\/fete_des_ecoliers-300x200.jpg\" alt=\"\" width=\"300\" height=\"200\" srcset=\"https:\/\/www.lembach.fr\/ecole\/wp-content\/uploads\/2017\/07\/fete_des_ecoliers-300x200.jpg 300w, https:\/\/www.lembach.fr\/ecole\/wp-content\/uploads\/2017\/07\/fete_des_ecoliers-768x512.jpg 768w, https:\/\/www.lembach.fr\/ecole\/wp-content\/uploads\/2017\/07\/fete_des_ecoliers.jpg 917w\" sizes=\"auto, (max-width: 300px) 100vw, 300px\" \/><\/a><\/p>\n<p><span style=\"color: #ff0000;\"><em><strong>Les enseignants de l&rsquo;\u00e9quipe \u00e9ducative remercient chaleureusement l&rsquo;\u00e9quipe de parents, organisatrice de cette manifestation.<\/strong><\/em><\/span><\/p>\n","protected":false},"excerpt":{"rendered":"<p>La f\u00eate de l&rsquo;\u00e9cole de cette ann\u00e9e a fait peau neuve ! En effet, les enseignants avaient d\u00e9cid\u00e9 de ne pas organiser de f\u00eate de fin d&rsquo;ann\u00e9e, pris par les tr\u00e8s nombreuses activit\u00e9s p\u00e9dagogiques organis\u00e9es au cours de l&rsquo;ann\u00e9e scolaire &hellip; <a href=\"https:\/\/www.lembach.fr\/ecole\/2017\/07\/01\/fete-des-ecoliers\/\">Continuer la lecture <span class=\"meta-nav\">&rarr;<\/span><\/a><\/p>\n","protected":false},"author":1,"featured_media":0,"comment_status":"closed","ping_status":"closed","sticky":false,"template":"","format":"standard","meta":{"footnotes":""},"categories":[9],"tags":[],"class_list":["post-2712","post","type-post","status-publish","format-standard","hentry","category-manifestations"],"_links":{"self":[{"href":"https:\/\/www.lembach.fr\/ecole\/wp-json\/wp\/v2\/posts\/2712","targetHints":{"allow":["GET"]}}],"collection":[{"href":"https:\/\/www.lembach.fr\/ecole\/wp-json\/wp\/v2\/posts"}],"about":[{"href":"https:\/\/www.lembach.fr\/ecole\/wp-json\/wp\/v2\/types\/post"}],"author":[{"embeddable":true,"href":"https:\/\/www.lembach.fr\/ecole\/wp-json\/wp\/v2\/users\/1"}],"replies":[{"embeddable":true,"href":"https:\/\/www.lembach.fr\/ecole\/wp-json\/wp\/v2\/comments?post=2712"}],"version-history":[{"count":0,"href":"https:\/\/www.lembach.fr\/ecole\/wp-json\/wp\/v2\/posts\/2712\/revisions"}],"wp:attachment":[{"href":"https:\/\/www.lembach.fr\/ecole\/wp-json\/wp\/v2\/media?parent=2712"}],"wp:term":[{"taxonomy":"category","embeddable":true,"href":"https:\/\/www.lembach.fr\/ecole\/wp-json\/wp\/v2\/categories?post=2712"},{"taxonomy":"post_tag","embeddable":true,"href":"https:\/\/www.lembach.fr\/ecole\/wp-json\/wp\/v2\/tags?post=2712"}],"curies":[{"name":"wp","href":"https:\/\/api.w.org\/{rel}","templated":true}]}}