{"id":2532,"date":"2016-12-16T19:47:14","date_gmt":"2016-12-16T18:47:14","guid":{"rendered":"http:\/\/www.lembach.fr\/ecole\/?p=2532"},"modified":"2018-05-30T14:43:59","modified_gmt":"2018-05-30T12:43:59","slug":"le-pere-noel-en-maternelle-2","status":"publish","type":"post","link":"https:\/\/www.lembach.fr\/ecole\/2016\/12\/16\/le-pere-noel-en-maternelle-2\/","title":{"rendered":"Le P\u00e8re No\u00ebl en maternelle"},"content":{"rendered":"<h2>Les classes de Dominique Bischung et d\u2019Estelle Richert, avec leurs aides, \u00e9taient regroup\u00e9es dans la salle d\u2019activit\u00e9s pour la f\u00eate de fin d\u2019ann\u00e9e.<\/h2>\n<p>C\u2019est sans aucun doute, les chants des \u00e9coliers, en particulier Petit Papa No\u00ebl , qui a attir\u00e9 l\u2019attention du P\u00e8re No\u00ebl, de passage dans la rue. Ainsi, l\u2019homme en rouge a pouss\u00e9 la porte de l\u2019\u00e9cole pour ne d\u00e9couvrir que des enfants sages. Il a donc d\u00e9cid\u00e9 de les r\u00e9compenser en remettant \u00e0 chacun un petit cadeau.<\/p>\n<p>Apr\u00e8s l\u2019\u00e9motion, un go\u00fbter n\u2019\u00e9tait pas superflu, surtout qu\u2019il a \u00e9t\u00e9 agr\u00e9ment\u00e9 de <em>Bredle<\/em> confectionn\u00e9s en classe par les enfants quelques jours auparavant.<\/p>\n<p><img loading=\"lazy\" decoding=\"async\" class=\"alignnone size-full wp-image-2533\" src=\"http:\/\/www.lembach.fr\/ecole\/wp-content\/uploads\/2017\/01\/fete_noel_mat_2016.jpg\" alt=\"\" width=\"670\" height=\"409\" srcset=\"https:\/\/www.lembach.fr\/ecole\/wp-content\/uploads\/2017\/01\/fete_noel_mat_2016.jpg 670w, https:\/\/www.lembach.fr\/ecole\/wp-content\/uploads\/2017\/01\/fete_noel_mat_2016-300x183.jpg 300w\" sizes=\"auto, (max-width: 670px) 100vw, 670px\" \/><\/p>\n","protected":false},"excerpt":{"rendered":"<p>Les classes de Dominique Bischung et d\u2019Estelle Richert, avec leurs aides, \u00e9taient regroup\u00e9es dans la salle d\u2019activit\u00e9s pour la f\u00eate de fin d\u2019ann\u00e9e. C\u2019est sans aucun doute, les chants des \u00e9coliers, en particulier Petit Papa No\u00ebl , qui a attir\u00e9 &hellip; <a href=\"https:\/\/www.lembach.fr\/ecole\/2016\/12\/16\/le-pere-noel-en-maternelle-2\/\">Continuer la lecture <span class=\"meta-nav\">&rarr;<\/span><\/a><\/p>\n","protected":false},"author":1,"featured_media":0,"comment_status":"closed","ping_status":"closed","sticky":false,"template":"","format":"standard","meta":{"footnotes":""},"categories":[9],"tags":[],"class_list":["post-2532","post","type-post","status-publish","format-standard","hentry","category-manifestations"],"_links":{"self":[{"href":"https:\/\/www.lembach.fr\/ecole\/wp-json\/wp\/v2\/posts\/2532","targetHints":{"allow":["GET"]}}],"collection":[{"href":"https:\/\/www.lembach.fr\/ecole\/wp-json\/wp\/v2\/posts"}],"about":[{"href":"https:\/\/www.lembach.fr\/ecole\/wp-json\/wp\/v2\/types\/post"}],"author":[{"embeddable":true,"href":"https:\/\/www.lembach.fr\/ecole\/wp-json\/wp\/v2\/users\/1"}],"replies":[{"embeddable":true,"href":"https:\/\/www.lembach.fr\/ecole\/wp-json\/wp\/v2\/comments?post=2532"}],"version-history":[{"count":0,"href":"https:\/\/www.lembach.fr\/ecole\/wp-json\/wp\/v2\/posts\/2532\/revisions"}],"wp:attachment":[{"href":"https:\/\/www.lembach.fr\/ecole\/wp-json\/wp\/v2\/media?parent=2532"}],"wp:term":[{"taxonomy":"category","embeddable":true,"href":"https:\/\/www.lembach.fr\/ecole\/wp-json\/wp\/v2\/categories?post=2532"},{"taxonomy":"post_tag","embeddable":true,"href":"https:\/\/www.lembach.fr\/ecole\/wp-json\/wp\/v2\/tags?post=2532"}],"curies":[{"name":"wp","href":"https:\/\/api.w.org\/{rel}","templated":true}]}}