{"id":2377,"date":"2016-08-31T07:31:04","date_gmt":"2016-08-31T05:31:04","guid":{"rendered":"http:\/\/www.lembach.fr\/ecole\/?p=2377"},"modified":"2016-10-09T20:02:58","modified_gmt":"2016-10-09T18:02:58","slug":"un-nom-pour-lecole-fusionnee","status":"publish","type":"post","link":"https:\/\/www.lembach.fr\/ecole\/2016\/08\/31\/un-nom-pour-lecole-fusionnee\/","title":{"rendered":"Un nom pour l&rsquo;\u00e9cole fusionn\u00e9e"},"content":{"rendered":"<p>Par d\u00e9cision du<strong> conseil municipal du 30 ao\u00fbt 2016<\/strong> et suite \u00e0 la fusion des \u00e9coles maternelle et \u00e9l\u00e9mentaire pour la rentr\u00e9e 2016, l&rsquo;\u00e9cole se voit attribuer un nom officiel :<\/p>\n<h2 style=\"text-align: center;\"><span style=\"color: #ff0000;\"><strong>\u00c9cole Henri MERTZ<\/strong><\/span><\/h2>\n<p>Voici les informations sur ce po\u00e8te n\u00e9 au village et trouv\u00e9es sur <a href=\"http:\/\/www.heimetsproch.fr\/articles.php?lng=fr&amp;pg=39&amp;mnuid=31&amp;tconfig=0\">heimetsproch.fr<\/a><\/p>\n<p style=\"text-align: center;\"><img loading=\"lazy\" decoding=\"async\" class=\"size-full wp-image-2453 aligncenter\" src=\"http:\/\/www.lembach.fr\/ecole\/wp-content\/uploads\/2016\/08\/hmertz.jpg\" alt=\"hmertz\" width=\"243\" height=\"300\" \/><em><strong>Henri MERTZ<\/strong> (1919 \u2013 1999)<\/em><\/p>\n<p style=\"text-align: left;\"><em>N\u00e9 dans le nord de l\u2019Alsace, \u00e0 Lembach, Henri MERTZ a \u00e9t\u00e9 instituteur \u00e0 Graffenstaden (1945 \u2013 1961), puis professeur au coll\u00e8ge de cette ville (1961 \u2013 1976), o\u00f9 il enseigna les math\u00e9matiques. Il avait fait la guerre dans la Wehrmacht, puis dans l\u2019arm\u00e9e fran\u00e7aise.<\/em><\/p>\n<p style=\"text-align: left;\"><em>Il n\u2019\u00e9tait pas un \u00ab Heimatdichter \u00bb, ni un repr\u00e9sentant de la \u00ab Bl\u00fcmchenpoesie \u00bb (Charles STAUFFER), mais plut\u00f4t un po\u00e8te satirique et protestataire, plus proche d\u2019 Andr\u00e9 WECKMANN.<\/em><\/p>\n<p style=\"text-align: left;\"><em>On lui doit trois recueils de po\u00e9sies dialectales :<\/em><\/p>\n<p style=\"text-align: center;\"><strong><em>KUDDELMUDDEL \u00dcS EM ELSASS (1975)<\/em><\/strong><\/p>\n<p style=\"text-align: center;\"><strong><em>S\u2019 WESCHPELNESCHT (1976)<\/em><\/strong><\/p>\n<p style=\"text-align: center;\"><strong><em>DE RORAFF (1980)<\/em><\/strong><\/p>\n<p style=\"text-align: left;\"><em>Ces trois recueils portent le m\u00eame sous \u2013 titre : <strong>LIEDER, VERSLE UN SATIRE<\/strong> (Chansons, vers et satire).<\/em><\/p>\n<p style=\"text-align: left;\"><em>On lui doit aussi deux traductions de l\u2019\u0153uvre du c\u00e9l\u00e8bre humoriste allemand Wilhelm BUSCH : MAX UN MORITZ (1865) : une traduction en bas \u2013 al\u00e9manique (1982) et une autre en fran\u00e7ais (1996). Dans sa jeunesse, il avait \u00e9crit un opuscule en dialecte (\u00dcS MINEM ARME ELSASSL\u00c4NDEL, 1946), et un recueil d\u2019aphorismes en fran\u00e7ais : AU SIECLE DES HOMMES SANS T\u00caTE (1948) qui n\u2019ont pas rencontr\u00e9 l\u2019\u00e9cho souhait\u00e9.<\/em><\/p>\n<p style=\"text-align: left;\"><em>On peut noter ses dons de versificateur, la violence de ses incantations et sa virtuosit\u00e9 dans l\u2019art de la satire.<\/em><\/p>\n<p style=\"text-align: left;\"><img loading=\"lazy\" decoding=\"async\" class=\"wp-image-2382 size-medium aligncenter\" src=\"http:\/\/www.lembach.fr\/ecole\/wp-content\/uploads\/2016\/08\/plume-300x195.jpg\" alt=\"plume\" width=\"300\" height=\"195\" srcset=\"https:\/\/www.lembach.fr\/ecole\/wp-content\/uploads\/2016\/08\/plume-300x195.jpg 300w, https:\/\/www.lembach.fr\/ecole\/wp-content\/uploads\/2016\/08\/plume.jpg 350w\" sizes=\"auto, (max-width: 300px) 100vw, 300px\" \/><\/p>\n<p style=\"text-align: center;\"><em>ELSASS<\/em><\/p>\n<p style=\"text-align: center;\"><em>Liewi B\u00e4chle, stilli Str\u00e4ssle,<\/em><\/p>\n<p style=\"text-align: center;\"><em>Holder, Schleh un Heckeroesle,<\/em><\/p>\n<p style=\"text-align: center;\"><em>Burje uf de Felsekant,<\/em><\/p>\n<p style=\"text-align: center;\"><em>Alti Hieser, klari Brinne,<\/em><\/p>\n<p style=\"text-align: center;\"><em>Doerfle mit viel Sehnsucht drinne,<\/em><\/p>\n<p style=\"text-align: center;\"><em>Elsass, D\u00fc min Heimetland!<\/em><\/p>\n<p style=\"text-align: center;\"><em>Blueme an de Fenschterschiewe,<\/em><\/p>\n<p style=\"text-align: center;\"><em>Diewle, wo sich d\u2019 Schn\u00e4wel riewe,<\/em><\/p>\n<p style=\"text-align: center;\"><em>P\u00e4rle, Kneckes, sorjelos,<\/em><\/p>\n<p style=\"text-align: center;\"><em>G\u00e4nsle, wo so luschtig schn\u00e4ttre,<\/em><\/p>\n<p style=\"text-align: center;\"><em>Bibble mit un ohne Feddre,<\/em><\/p>\n<p style=\"text-align: center;\"><em>Elsass, D\u00fc bisch ganz famos!<\/em><\/p>\n<p style=\"text-align: center;\"><em>Kitsch im Hof un Kitsch im<\/em><\/p>\n<p style=\"text-align: center;\"><em>Garte, Flasche, Pneus vun alle Arte,<\/em><\/p>\n<p style=\"text-align: center;\"><em>Plastik-Stoerig-Zwerig-Reh,<\/em><\/p>\n<p style=\"text-align: center;\"><em>Strosse voller Schnokeloddel,<\/em><\/p>\n<p style=\"text-align: center;\"><em>Polka-Deppe, Trachtedoddel,<\/em><\/p>\n<p style=\"text-align: center;\"><em>Narreland, o je, o weh!<\/em><\/p>\n<p style=\"text-align: center;\"><em>Du min Volik, geh Dich b\u2019sinne,<\/em><\/p>\n<p style=\"text-align: center;\"><em>Trink an Dine Wunderbrinne,<\/em><\/p>\n<p style=\"text-align: center;\"><em>Trink Dich rein un jung un frisch!<\/em><\/p>\n<p style=\"text-align: center;\"><em>Trink Dich g\u2019sund, k\u00fcrier Dich inne,<\/em><\/p>\n<p style=\"text-align: center;\"><em>Trink, solang noch Quelle rinne,<\/em><\/p>\n<p style=\"text-align: center;\"><em>Trink, solang noch Hoffnung isch!<\/em><\/p>\n","protected":false},"excerpt":{"rendered":"<p>Par d\u00e9cision du conseil municipal du 30 ao\u00fbt 2016 et suite \u00e0 la fusion des \u00e9coles maternelle et \u00e9l\u00e9mentaire pour la rentr\u00e9e 2016, l&rsquo;\u00e9cole se voit attribuer un nom officiel : \u00c9cole Henri MERTZ Voici les informations sur ce po\u00e8te &hellip; <a href=\"https:\/\/www.lembach.fr\/ecole\/2016\/08\/31\/un-nom-pour-lecole-fusionnee\/\">Continuer la lecture <span class=\"meta-nav\">&rarr;<\/span><\/a><\/p>\n","protected":false},"author":1,"featured_media":0,"comment_status":"closed","ping_status":"closed","sticky":false,"template":"","format":"standard","meta":{"footnotes":""},"categories":[17],"tags":[],"class_list":["post-2377","post","type-post","status-publish","format-standard","hentry","category-information"],"_links":{"self":[{"href":"https:\/\/www.lembach.fr\/ecole\/wp-json\/wp\/v2\/posts\/2377","targetHints":{"allow":["GET"]}}],"collection":[{"href":"https:\/\/www.lembach.fr\/ecole\/wp-json\/wp\/v2\/posts"}],"about":[{"href":"https:\/\/www.lembach.fr\/ecole\/wp-json\/wp\/v2\/types\/post"}],"author":[{"embeddable":true,"href":"https:\/\/www.lembach.fr\/ecole\/wp-json\/wp\/v2\/users\/1"}],"replies":[{"embeddable":true,"href":"https:\/\/www.lembach.fr\/ecole\/wp-json\/wp\/v2\/comments?post=2377"}],"version-history":[{"count":0,"href":"https:\/\/www.lembach.fr\/ecole\/wp-json\/wp\/v2\/posts\/2377\/revisions"}],"wp:attachment":[{"href":"https:\/\/www.lembach.fr\/ecole\/wp-json\/wp\/v2\/media?parent=2377"}],"wp:term":[{"taxonomy":"category","embeddable":true,"href":"https:\/\/www.lembach.fr\/ecole\/wp-json\/wp\/v2\/categories?post=2377"},{"taxonomy":"post_tag","embeddable":true,"href":"https:\/\/www.lembach.fr\/ecole\/wp-json\/wp\/v2\/tags?post=2377"}],"curies":[{"name":"wp","href":"https:\/\/api.w.org\/{rel}","templated":true}]}}