{"id":1873,"date":"2015-12-16T11:00:09","date_gmt":"2015-12-16T10:00:09","guid":{"rendered":"http:\/\/www.lembach.fr\/ecole\/?p=1873"},"modified":"2016-11-17T14:42:18","modified_gmt":"2016-11-17T13:42:18","slug":"le-voyage-darlo","status":"publish","type":"post","link":"https:\/\/www.lembach.fr\/ecole\/2015\/12\/16\/le-voyage-darlo\/","title":{"rendered":"Cin\u00e9ma : \u00ab\u00a0Le voyage d&rsquo;Arlo\u00a0\u00bb"},"content":{"rendered":"<h2>Comme chaque ann\u00e9e, la coop\u00e9rative scolaire a propos\u00e9 une s\u00e9ance de cin\u00e9ma aux \u00e9l\u00e8ves de l&rsquo;\u00e9cole \u00e9l\u00e9mentaire.<br \/>\nCe mercredi le 16 d\u00e9cembre, tous les \u00e9l\u00e8ves sont donc all\u00e9s \u00e0 la Castine de Reichshoffen afin de voir un film sorti r\u00e9cemment dans les salles, \u00ab\u00a0<em><strong>Le voyage d&rsquo;Arlo<\/strong><\/em>\u00a0\u00bb r\u00e9alis\u00e9 par Peter Sohn.<\/h2>\n<p>Le <em><strong>Voyage d&rsquo;Arlo<\/strong><\/em> ou <em><strong>Le Bon Dinosaure au Qu\u00e9bec<\/strong> <\/em>est le 134\u1d49 long-m\u00e9trage d&rsquo;animation des studios Disney et le 16\u1d49 long-m\u00e9trage d&rsquo;animation de Pixar. R\u00e9alis\u00e9 en images de synth\u00e8se par Peter Sohn, il est sorti en novembre 2015<\/p>\n<p><img loading=\"lazy\" decoding=\"async\" class=\"size-full wp-image-1876 aligncenter\" src=\"http:\/\/www.lembach.fr\/ecole\/wp-content\/uploads\/2015\/12\/le_voyage_d_arlo_affiche.jpg\" alt=\"le_voyage_d_arlo_affiche\" width=\"336\" height=\"448\" srcset=\"https:\/\/www.lembach.fr\/ecole\/wp-content\/uploads\/2015\/12\/le_voyage_d_arlo_affiche.jpg 336w, https:\/\/www.lembach.fr\/ecole\/wp-content\/uploads\/2015\/12\/le_voyage_d_arlo_affiche-225x300.jpg 225w\" sizes=\"auto, (max-width: 336px) 100vw, 336px\" \/><\/p>\n<p>Synopsis :<\/p>\n<blockquote><p><span style=\"color: #0000ff;\">Et si la catastrophe cataclysmique qui a boulevers\u00e9 la Terre et provoqu\u00e9 l&rsquo;extinction des dinosaures n&rsquo;avait jamais eu lieu ? Et si les dinosaures ne s&rsquo;\u00e9taient jamais \u00e9teints, et vivaient parmi nous de nos jours ?<\/span><\/p>\n<p><span style=\"color: #0000ff;\">Arlo, jeune Apatosaure au grand c\u0153ur, maladroit et craintif, qui va faire la rencontre et prendre sous son aile un \u00e9tonnant compagnon : un petit gar\u00e7on sauvage, tr\u00e8s d\u00e9gourdi, pr\u00e9nomm\u00e9 Spot.<\/span><\/p><\/blockquote>\n<p>Voici la bande annonce du film :<\/p>\n<p style=\"text-align: center;\"><iframe loading=\"lazy\" src=\"http:\/\/www.youtube.com\/embed\/oQHSWKwZ0PI?feature=player_detailpage\" width=\"640\" height=\"360\" frameborder=\"0\" allowfullscreen=\"allowfullscreen\"><\/iframe><\/p>\n<p>Cette sortie a \u00e9t\u00e9 enti\u00e8rement prise en charge financi\u00e8rement par la Coop\u00e9rative de l&rsquo;\u00e9cole.<\/p>\n","protected":false},"excerpt":{"rendered":"<p>Comme chaque ann\u00e9e, la coop\u00e9rative scolaire a propos\u00e9 une s\u00e9ance de cin\u00e9ma aux \u00e9l\u00e8ves de l&rsquo;\u00e9cole \u00e9l\u00e9mentaire. Ce mercredi le 16 d\u00e9cembre, tous les \u00e9l\u00e8ves sont donc all\u00e9s \u00e0 la Castine de Reichshoffen afin de voir un film sorti r\u00e9cemment &hellip; <a href=\"https:\/\/www.lembach.fr\/ecole\/2015\/12\/16\/le-voyage-darlo\/\">Continuer la lecture <span class=\"meta-nav\">&rarr;<\/span><\/a><\/p>\n","protected":false},"author":1,"featured_media":0,"comment_status":"closed","ping_status":"closed","sticky":false,"template":"","format":"standard","meta":{"footnotes":""},"categories":[21],"tags":[],"class_list":["post-1873","post","type-post","status-publish","format-standard","hentry","category-spectacles"],"_links":{"self":[{"href":"https:\/\/www.lembach.fr\/ecole\/wp-json\/wp\/v2\/posts\/1873","targetHints":{"allow":["GET"]}}],"collection":[{"href":"https:\/\/www.lembach.fr\/ecole\/wp-json\/wp\/v2\/posts"}],"about":[{"href":"https:\/\/www.lembach.fr\/ecole\/wp-json\/wp\/v2\/types\/post"}],"author":[{"embeddable":true,"href":"https:\/\/www.lembach.fr\/ecole\/wp-json\/wp\/v2\/users\/1"}],"replies":[{"embeddable":true,"href":"https:\/\/www.lembach.fr\/ecole\/wp-json\/wp\/v2\/comments?post=1873"}],"version-history":[{"count":0,"href":"https:\/\/www.lembach.fr\/ecole\/wp-json\/wp\/v2\/posts\/1873\/revisions"}],"wp:attachment":[{"href":"https:\/\/www.lembach.fr\/ecole\/wp-json\/wp\/v2\/media?parent=1873"}],"wp:term":[{"taxonomy":"category","embeddable":true,"href":"https:\/\/www.lembach.fr\/ecole\/wp-json\/wp\/v2\/categories?post=1873"},{"taxonomy":"post_tag","embeddable":true,"href":"https:\/\/www.lembach.fr\/ecole\/wp-json\/wp\/v2\/tags?post=1873"}],"curies":[{"name":"wp","href":"https:\/\/api.w.org\/{rel}","templated":true}]}}