{"id":1681,"date":"2015-06-01T12:03:17","date_gmt":"2015-06-01T10:03:17","guid":{"rendered":"http:\/\/www.lembach.fr\/ecole\/?p=1681"},"modified":"2015-06-01T18:20:51","modified_gmt":"2015-06-01T16:20:51","slug":"waldjugendspiele","status":"publish","type":"post","link":"https:\/\/www.lembach.fr\/ecole\/2015\/06\/01\/waldjugendspiele\/","title":{"rendered":"Waldjugendspiele"},"content":{"rendered":"<h2>Jeudi 28 mai, les \u00e9l\u00e8ves du CE1\/CE2 se rendent en car au lieu dit \u00ab Neudahner Weiher \u00bb pour participer aux Jeux de la For\u00eat ou Waldjugendspiele organis\u00e9s par le Forstamt Wasgau.<\/h2>\n<p>L\u2019objectif des organisateurs est d\u2019\u00e9veiller la curiosit\u00e9 des enfants \u00e0 la for\u00eat en leur proposant 10 ateliers ludiques sur les th\u00e8mes suivants : arbres de nos for\u00eats, animaux et cha\u00eene alimentaire, exploitation du bois et travail du forestier.<\/p>\n<p>Et nous voil\u00e0 partis sur le parcours fl\u00e9ch\u00e9 en compagnie de M. Brucker Gilbert, garde-forestier, toujours pr\u00eat \u00e0 r\u00e9pondre aux nombreuses questions des enfants.<\/p>\n<p><span style=\"text-decoration: underline;\"><strong>1er atelier<\/strong><\/span> : Pour mettre de l\u2019ambiance et stimuler l\u2019esprit de groupe, des rondins de bois \u00e0 transporter d\u2019un point \u00e0 un autre et \u00e0 empiler le plus vite possible. Les enfants choisissent de constituer une cha\u00eene et l\u2019id\u00e9e est payante, ils r\u00e9alisent un tr\u00e8s bon temps.<\/p>\n<p><img loading=\"lazy\" decoding=\"async\" class=\"alignnone size-full wp-image-1684 aligncenter\" src=\"http:\/\/www.lembach.fr\/ecole\/wp-content\/uploads\/2015\/06\/waldjugendspiele_12.jpg\" alt=\"waldjugendspiele_12\" width=\"400\" height=\"300\" \/><\/p>\n<p><span style=\"text-decoration: underline;\"><strong>2e atelier<\/strong><\/span> : Toujours aussi ludique, il s\u2019agit de traverser un cours d\u2019eau \u00ab infest\u00e9 de requins \u00bb sur des rondins de bois \u00e0 d\u00e9placer au fur et \u00e0 mesure.<\/p>\n<p style=\"text-align: center;\"><a href=\"http:\/\/www.lembach.fr\/ecole\/wp-content\/uploads\/2015\/06\/waldjugendspiele_20.jpg\"><img loading=\"lazy\" decoding=\"async\" class=\"alignnone size-full wp-image-1685\" src=\"http:\/\/www.lembach.fr\/ecole\/wp-content\/uploads\/2015\/06\/waldjugendspiele_20.jpg\" alt=\"waldjugendspiele_20\" width=\"400\" height=\"300\" \/><\/a><\/p>\n<p><span style=\"text-decoration: underline;\"><strong>3e, 4e et 5e ateliers<\/strong><\/span> : Un garde-forestier pr\u00e9sente d\u2019abord aux enfants 4 esp\u00e8ces d\u2019arbres parmi les plus r\u00e9pandues dans nos for\u00eats, le ch\u00eane, le h\u00eatre, l\u2019\u00e9pic\u00e9a et le pin sylvestre. Puis les enfants sont invit\u00e9s \u00e0 en retrouver des sp\u00e9cimens autour d\u2019eux et \u00e0 deviner dans 4 bo\u00eetes les fruits, feuilles, aiguilles et \u00e9corce de ces m\u00eames arbres.<\/p>\n<p style=\"text-align: center;\">\u00a0 <a href=\"http:\/\/www.lembach.fr\/ecole\/wp-content\/uploads\/2015\/06\/waldjugendspiele_33.jpg\"><img loading=\"lazy\" decoding=\"async\" class=\"alignnone size-full wp-image-1686\" src=\"http:\/\/www.lembach.fr\/ecole\/wp-content\/uploads\/2015\/06\/waldjugendspiele_33.jpg\" alt=\"waldjugendspiele_33\" width=\"400\" height=\"300\" \/><\/a> <a href=\"http:\/\/www.lembach.fr\/ecole\/wp-content\/uploads\/2015\/06\/waldjugendspiele_35.jpg\"><img loading=\"lazy\" decoding=\"async\" class=\"alignnone size-full wp-image-1687\" src=\"http:\/\/www.lembach.fr\/ecole\/wp-content\/uploads\/2015\/06\/waldjugendspiele_35.jpg\" alt=\"waldjugendspiele_35\" width=\"400\" height=\"300\" \/><\/a><\/p>\n<p><span style=\"text-decoration: underline;\"><strong>6e, 7e et 8e ateliers<\/strong><\/span> : Nous nous sommes int\u00e9ress\u00e9s aux habitants de nos for\u00eats. Un garde-forestier nous a d\u2019abord pr\u00e9sent\u00e9 des cr\u00e2nes, des pattes et des bois. Puis nous avons recherch\u00e9 des silhouettes de ces animaux. Ainsi nous avons trouv\u00e9 \u00ab das Wildschwein, die Wildkatze, der Fuchs, der Dachs, das Reh, der Specht\u2026 \u00bb. Enfin les enfants ont d\u00fb associer les traces, la nourriture et des troph\u00e9es aux cerf, chevreuil et sanglier.<\/p>\n<p style=\"text-align: center;\"><a href=\"http:\/\/www.lembach.fr\/ecole\/wp-content\/uploads\/2015\/06\/waldjugendspiele_37.jpg\"><img loading=\"lazy\" decoding=\"async\" class=\"alignnone size-full wp-image-1688\" src=\"http:\/\/www.lembach.fr\/ecole\/wp-content\/uploads\/2015\/06\/waldjugendspiele_37.jpg\" alt=\"waldjugendspiele_37\" width=\"400\" height=\"300\" \/><\/a><\/p>\n<p><span style=\"text-decoration: underline;\"><strong>9e atelier<\/strong><\/span> : Nous avons parl\u00e9 de l\u2019exploitation de la for\u00eat, du travail du forestier et de la gestion durable de la for\u00eat qui concerne la vie des animaux, la r\u00e9serve en eau que repr\u00e9sente tout milieu forestier et une partie plus \u00e9conomique : la production du bois.<\/p>\n<p style=\"text-align: center;\"><a href=\"http:\/\/www.lembach.fr\/ecole\/wp-content\/uploads\/2015\/06\/waldjugendspiele_40.jpg\"><img loading=\"lazy\" decoding=\"async\" class=\"alignnone size-full wp-image-1689\" src=\"http:\/\/www.lembach.fr\/ecole\/wp-content\/uploads\/2015\/06\/waldjugendspiele_40.jpg\" alt=\"waldjugendspiele_40\" width=\"300\" height=\"400\" \/><\/a><\/p>\n<p><span style=\"text-decoration: underline;\"><strong>10e atelier<\/strong><\/span> : La vie de la for\u00eat. Le b\u00fbcheron coupe les arbres ayant atteint un certain \u00e2ge mais replante de jeunes arbres pour conserver la for\u00eat.<\/p>\n<p style=\"text-align: center;\"><a href=\"http:\/\/www.lembach.fr\/ecole\/wp-content\/uploads\/2015\/06\/waldjugendspiele_60.jpg\"><img loading=\"lazy\" decoding=\"async\" class=\"alignnone size-full wp-image-1690\" src=\"http:\/\/www.lembach.fr\/ecole\/wp-content\/uploads\/2015\/06\/waldjugendspiele_60.jpg\" alt=\"waldjugendspiele_60\" width=\"300\" height=\"400\" \/><\/a><\/p>\n<p>L\u2019int\u00e9r\u00eat des enfants et leur participation active leur a permis de d\u00e9crocher le titre de \u00ab <em><strong>D\u00e9tectives de la for\u00eat<\/strong><\/em> \u00bb.<\/p>\n<p style=\"text-align: center;\"><a href=\"http:\/\/www.lembach.fr\/ecole\/wp-content\/uploads\/2015\/06\/waldjugendspiele_78.jpg\"><img loading=\"lazy\" decoding=\"async\" class=\"alignnone size-full wp-image-1691\" src=\"http:\/\/www.lembach.fr\/ecole\/wp-content\/uploads\/2015\/06\/waldjugendspiele_78.jpg\" alt=\"waldjugendspiele_78\" width=\"400\" height=\"300\" \/><\/a><\/p>\n<p><em>Un grand merci aux organisateurs, \u00e0 tous nos accompagnateurs, parents, photographe et garde-forestier qui ont assur\u00e9 le bon d\u00e9roulement de cette journ\u00e9e.<\/em><\/p>\n<p style=\"text-align: center;\">Toutes les photos de la sortie sont disponible dans <a href=\"http:\/\/ec.lembach.free.fr\/album\/index.php?\/category\/272\" target=\"_blank\">l&rsquo;album photos<\/a>.<\/p>\n","protected":false},"excerpt":{"rendered":"<p>Jeudi 28 mai, les \u00e9l\u00e8ves du CE1\/CE2 se rendent en car au lieu dit \u00ab Neudahner Weiher \u00bb pour participer aux Jeux de la For\u00eat ou Waldjugendspiele organis\u00e9s par le Forstamt Wasgau. L\u2019objectif des organisateurs est d\u2019\u00e9veiller la curiosit\u00e9 des &hellip; <a href=\"https:\/\/www.lembach.fr\/ecole\/2015\/06\/01\/waldjugendspiele\/\">Continuer la lecture <span class=\"meta-nav\">&rarr;<\/span><\/a><\/p>\n","protected":false},"author":1,"featured_media":0,"comment_status":"closed","ping_status":"closed","sticky":false,"template":"","format":"standard","meta":{"footnotes":""},"categories":[5],"tags":[],"class_list":["post-1681","post","type-post","status-publish","format-standard","hentry","category-sorties"],"_links":{"self":[{"href":"https:\/\/www.lembach.fr\/ecole\/wp-json\/wp\/v2\/posts\/1681","targetHints":{"allow":["GET"]}}],"collection":[{"href":"https:\/\/www.lembach.fr\/ecole\/wp-json\/wp\/v2\/posts"}],"about":[{"href":"https:\/\/www.lembach.fr\/ecole\/wp-json\/wp\/v2\/types\/post"}],"author":[{"embeddable":true,"href":"https:\/\/www.lembach.fr\/ecole\/wp-json\/wp\/v2\/users\/1"}],"replies":[{"embeddable":true,"href":"https:\/\/www.lembach.fr\/ecole\/wp-json\/wp\/v2\/comments?post=1681"}],"version-history":[{"count":0,"href":"https:\/\/www.lembach.fr\/ecole\/wp-json\/wp\/v2\/posts\/1681\/revisions"}],"wp:attachment":[{"href":"https:\/\/www.lembach.fr\/ecole\/wp-json\/wp\/v2\/media?parent=1681"}],"wp:term":[{"taxonomy":"category","embeddable":true,"href":"https:\/\/www.lembach.fr\/ecole\/wp-json\/wp\/v2\/categories?post=1681"},{"taxonomy":"post_tag","embeddable":true,"href":"https:\/\/www.lembach.fr\/ecole\/wp-json\/wp\/v2\/tags?post=1681"}],"curies":[{"name":"wp","href":"https:\/\/api.w.org\/{rel}","templated":true}]}}