{"id":1589,"date":"2015-04-17T13:56:14","date_gmt":"2015-04-17T11:56:14","guid":{"rendered":"http:\/\/www.lembach.fr\/ecole\/?p=1589"},"modified":"2015-04-17T17:43:35","modified_gmt":"2015-04-17T15:43:35","slug":"1589","status":"publish","type":"post","link":"https:\/\/www.lembach.fr\/ecole\/2015\/04\/17\/1589\/","title":{"rendered":"Plantation d&rsquo;arbres"},"content":{"rendered":"<h2>Vendredi 17 avril 2015, les \u00e9l\u00e8ves de CE2, CM1 et CM2 sont all\u00e9s en for\u00eat pour participer \u00e0 une op\u00e9ration de plantation d&rsquo;arbres. Cette initiative de l\u2019ONF avait d\u00e9j\u00e0 \u00e9t\u00e9 propos\u00e9e les ann\u00e9es pr\u00e9c\u00e9dentes.<\/h2>\n<p style=\"text-align: center;\"><a href=\"http:\/\/www.lembach.fr\/ecole\/wp-content\/uploads\/2015\/04\/plantation_arbres_45.jpg\"><img loading=\"lazy\" decoding=\"async\" class=\"alignnone size-full wp-image-1599\" src=\"http:\/\/www.lembach.fr\/ecole\/wp-content\/uploads\/2015\/04\/plantation_arbres_45.jpg\" alt=\"plantation_arbres_45\" width=\"400\" height=\"300\" srcset=\"https:\/\/www.lembach.fr\/ecole\/wp-content\/uploads\/2015\/04\/plantation_arbres_45.jpg 400w, https:\/\/www.lembach.fr\/ecole\/wp-content\/uploads\/2015\/04\/plantation_arbres_45-300x225.jpg 300w\" sizes=\"auto, (max-width: 400px) 100vw, 400px\" \/><\/a><\/p>\n<p>Nous sommes donc partis d\u00e8s 8 heures par le \u00ab\u00a0chemin du cross\u00a0\u00bb pour atteindre une heure plus tard la parcelle 37, pr\u00e8s de la route de Climbach, o\u00f9 nous attendait M. Brucker Gilbert (garde-forestier de la commune). Il avait pr\u00e9par\u00e9 \u00e0 l\u2019avance quelques trous, plant\u00e9 des piquets et apport\u00e9 des plants de jeunes arbres. Il proposait de planter des ch\u00eanes et des sapins \u00ab\u00a0Nordmann\u00a0\u00bb. Avec l\u2019aide des instituteurs et de trois parents, chaque enfant a pu planter son arbre et y accrocher une \u00e9tiquette portant le nom de l&rsquo;\u00e9l\u00e8ve et la date de plantation.<\/p>\n<p><a href=\"http:\/\/www.lembach.fr\/ecole\/wp-content\/uploads\/2015\/04\/plantation_arbres_18.jpg\"><img loading=\"lazy\" decoding=\"async\" class=\" size-full wp-image-1596 aligncenter\" src=\"http:\/\/www.lembach.fr\/ecole\/wp-content\/uploads\/2015\/04\/plantation_arbres_18.jpg\" alt=\"plantation_arbres_18\" width=\"300\" height=\"400\" srcset=\"https:\/\/www.lembach.fr\/ecole\/wp-content\/uploads\/2015\/04\/plantation_arbres_18.jpg 300w, https:\/\/www.lembach.fr\/ecole\/wp-content\/uploads\/2015\/04\/plantation_arbres_18-225x300.jpg 225w\" sizes=\"auto, (max-width: 300px) 100vw, 300px\" \/><\/a><a href=\"http:\/\/www.lembach.fr\/ecole\/wp-content\/uploads\/2015\/04\/plantation_arbres_28.jpg\"><img loading=\"lazy\" decoding=\"async\" class=\" size-full wp-image-1597 aligncenter\" src=\"http:\/\/www.lembach.fr\/ecole\/wp-content\/uploads\/2015\/04\/plantation_arbres_28.jpg\" alt=\"plantation_arbres_28\" width=\"400\" height=\"300\" srcset=\"https:\/\/www.lembach.fr\/ecole\/wp-content\/uploads\/2015\/04\/plantation_arbres_28.jpg 400w, https:\/\/www.lembach.fr\/ecole\/wp-content\/uploads\/2015\/04\/plantation_arbres_28-300x225.jpg 300w\" sizes=\"auto, (max-width: 400px) 100vw, 400px\" \/><\/a> <a href=\"http:\/\/www.lembach.fr\/ecole\/wp-content\/uploads\/2015\/04\/plantation_arbres_16.jpg\"><img loading=\"lazy\" decoding=\"async\" class=\" size-full wp-image-1595 aligncenter\" src=\"http:\/\/www.lembach.fr\/ecole\/wp-content\/uploads\/2015\/04\/plantation_arbres_16.jpg\" alt=\"plantation_arbres_16\" width=\"400\" height=\"300\" srcset=\"https:\/\/www.lembach.fr\/ecole\/wp-content\/uploads\/2015\/04\/plantation_arbres_16.jpg 400w, https:\/\/www.lembach.fr\/ecole\/wp-content\/uploads\/2015\/04\/plantation_arbres_16-300x225.jpg 300w\" sizes=\"auto, (max-width: 400px) 100vw, 400px\" \/><\/a> Pour cela, il fallait bien recouvrir les racines de terre et entourer chaque arbre par du grillage pour le prot\u00e9ger des animaux qui ont souvent tendance \u00e0 manger les jeunes plants.<\/p>\n<p><a href=\"http:\/\/www.lembach.fr\/ecole\/wp-content\/uploads\/2015\/04\/plantation_arbres_09.jpg\"><img loading=\"lazy\" decoding=\"async\" class=\" size-full wp-image-1592 aligncenter\" src=\"http:\/\/www.lembach.fr\/ecole\/wp-content\/uploads\/2015\/04\/plantation_arbres_09.jpg\" alt=\"plantation_arbres_09\" width=\"400\" height=\"300\" srcset=\"https:\/\/www.lembach.fr\/ecole\/wp-content\/uploads\/2015\/04\/plantation_arbres_09.jpg 400w, https:\/\/www.lembach.fr\/ecole\/wp-content\/uploads\/2015\/04\/plantation_arbres_09-300x225.jpg 300w\" sizes=\"auto, (max-width: 400px) 100vw, 400px\" \/><\/a><a href=\"http:\/\/www.lembach.fr\/ecole\/wp-content\/uploads\/2015\/04\/plantation_arbres_31.jpg\"><img loading=\"lazy\" decoding=\"async\" class=\" size-full wp-image-1598 aligncenter\" src=\"http:\/\/www.lembach.fr\/ecole\/wp-content\/uploads\/2015\/04\/plantation_arbres_31.jpg\" alt=\"plantation_arbres_31\" width=\"400\" height=\"300\" srcset=\"https:\/\/www.lembach.fr\/ecole\/wp-content\/uploads\/2015\/04\/plantation_arbres_31.jpg 400w, https:\/\/www.lembach.fr\/ecole\/wp-content\/uploads\/2015\/04\/plantation_arbres_31-300x225.jpg 300w\" sizes=\"auto, (max-width: 400px) 100vw, 400px\" \/><\/a>Lucas Geng (garde-forestier ONF) nous a rejoints pour nous aider dans la t\u00e2che. Celui-ci nous a ensuite expliqu\u00e9 pourquoi nous faisions cette action, puis il nous a donn\u00e9 quelques informations sur l&rsquo;\u00e9cosyst\u00e8me de la for\u00eat. Il a \u00e9galement r\u00e9pondu \u00e0 toutes les questions que posaient les \u00e9l\u00e8ves.<\/p>\n<p><a href=\"http:\/\/www.lembach.fr\/ecole\/wp-content\/uploads\/2015\/04\/plantation_arbres_13.jpg\"><img loading=\"lazy\" decoding=\"async\" class=\" size-full wp-image-1594 aligncenter\" src=\"http:\/\/www.lembach.fr\/ecole\/wp-content\/uploads\/2015\/04\/plantation_arbres_13.jpg\" alt=\"plantation_arbres_13\" width=\"400\" height=\"300\" srcset=\"https:\/\/www.lembach.fr\/ecole\/wp-content\/uploads\/2015\/04\/plantation_arbres_13.jpg 400w, https:\/\/www.lembach.fr\/ecole\/wp-content\/uploads\/2015\/04\/plantation_arbres_13-300x225.jpg 300w\" sizes=\"auto, (max-width: 400px) 100vw, 400px\" \/><\/a>Tr\u00e8s fiers du travail accompli, les \u00e9coliers ont ensuite repris le chemin de l\u2019\u00e9cole. Certains enfants voudront sans doute profiter de la promenade du dimanche pour montrer leur arbre \u00e0 leur famille et peut-\u00eatre suivre sa croissance au fil du temps.<\/p>\n<p>Toutes les photos prises sont disponibles sur <a href=\"http:\/\/ec.lembach.free.fr\/album\/index.php?\/category\/271\" target=\"_blank\">l\u2019album photo de l\u2019\u00e9cole<\/a>.<\/p>\n","protected":false},"excerpt":{"rendered":"<p>Vendredi 17 avril 2015, les \u00e9l\u00e8ves de CE2, CM1 et CM2 sont all\u00e9s en for\u00eat pour participer \u00e0 une op\u00e9ration de plantation d&rsquo;arbres. Cette initiative de l\u2019ONF avait d\u00e9j\u00e0 \u00e9t\u00e9 propos\u00e9e les ann\u00e9es pr\u00e9c\u00e9dentes. Nous sommes donc partis d\u00e8s 8 &hellip; <a href=\"https:\/\/www.lembach.fr\/ecole\/2015\/04\/17\/1589\/\">Continuer la lecture <span class=\"meta-nav\">&rarr;<\/span><\/a><\/p>\n","protected":false},"author":1,"featured_media":0,"comment_status":"closed","ping_status":"closed","sticky":false,"template":"","format":"standard","meta":{"footnotes":""},"categories":[5],"tags":[],"class_list":["post-1589","post","type-post","status-publish","format-standard","hentry","category-sorties"],"_links":{"self":[{"href":"https:\/\/www.lembach.fr\/ecole\/wp-json\/wp\/v2\/posts\/1589","targetHints":{"allow":["GET"]}}],"collection":[{"href":"https:\/\/www.lembach.fr\/ecole\/wp-json\/wp\/v2\/posts"}],"about":[{"href":"https:\/\/www.lembach.fr\/ecole\/wp-json\/wp\/v2\/types\/post"}],"author":[{"embeddable":true,"href":"https:\/\/www.lembach.fr\/ecole\/wp-json\/wp\/v2\/users\/1"}],"replies":[{"embeddable":true,"href":"https:\/\/www.lembach.fr\/ecole\/wp-json\/wp\/v2\/comments?post=1589"}],"version-history":[{"count":0,"href":"https:\/\/www.lembach.fr\/ecole\/wp-json\/wp\/v2\/posts\/1589\/revisions"}],"wp:attachment":[{"href":"https:\/\/www.lembach.fr\/ecole\/wp-json\/wp\/v2\/media?parent=1589"}],"wp:term":[{"taxonomy":"category","embeddable":true,"href":"https:\/\/www.lembach.fr\/ecole\/wp-json\/wp\/v2\/categories?post=1589"},{"taxonomy":"post_tag","embeddable":true,"href":"https:\/\/www.lembach.fr\/ecole\/wp-json\/wp\/v2\/tags?post=1589"}],"curies":[{"name":"wp","href":"https:\/\/api.w.org\/{rel}","templated":true}]}}