{"id":1398,"date":"2014-12-17T14:31:22","date_gmt":"2014-12-17T13:31:22","guid":{"rendered":"http:\/\/www.lembach.fr\/ecole\/?p=1398"},"modified":"2015-04-08T11:01:42","modified_gmt":"2015-04-08T09:01:42","slug":"le-pere-noel-en-maternelle","status":"publish","type":"post","link":"https:\/\/www.lembach.fr\/ecole\/2014\/12\/17\/le-pere-noel-en-maternelle\/","title":{"rendered":"Le P\u00e8re No\u00ebl en maternelle"},"content":{"rendered":"<h2>Comme les enfants de l\u2019\u00e9cole maternelle de Lembach ont \u00e9t\u00e9 sages cette ann\u00e9e, selon les dires des deux ma\u00eetresses, Dominique Bischung et Estelle Richert, le p\u00e8re No\u00ebl leur a rendu visite vendredi matin 19 d\u00e9cembre pour remettre \u00e0 chacun un petit pr\u00e9sent.<\/h2>\n<p>Les trois sections ont chant\u00e9 Petit Papa No\u00ebl pour l\u2019inviter \u00e0 venir et Mon beau sapin en fran\u00e7ais et en allemand, rencontres transfrontali\u00e8res r\u00e9guli\u00e8res obligeant. Durant toute la semaine, les enfants avaient bien pr\u00e9par\u00e9 leur f\u00eate de No\u00ebl en r\u00e9alisant eux-m\u00eames diff\u00e9rentes sortes de bredele qu\u2019ils ont pu go\u00fbter ensemble, avec du jus de pommes, avant le passage du p\u00e8re No\u00ebl.<\/p>\n<p><img loading=\"lazy\" decoding=\"async\" class=\"alignnone size-full wp-image-1399\" src=\"http:\/\/www.lembach.fr\/ecole\/wp-content\/uploads\/2015\/01\/pere_noel_en_maternelle.jpg\" alt=\"pere_noel_en_maternelle\" width=\"670\" height=\"365\" srcset=\"https:\/\/www.lembach.fr\/ecole\/wp-content\/uploads\/2015\/01\/pere_noel_en_maternelle.jpg 670w, https:\/\/www.lembach.fr\/ecole\/wp-content\/uploads\/2015\/01\/pere_noel_en_maternelle-300x163.jpg 300w\" sizes=\"auto, (max-width: 670px) 100vw, 670px\" \/><\/p>\n<p style=\"text-align: right;\">Texte et photo : H. Kettering<\/p>\n","protected":false},"excerpt":{"rendered":"<p>Comme les enfants de l\u2019\u00e9cole maternelle de Lembach ont \u00e9t\u00e9 sages cette ann\u00e9e, selon les dires des deux ma\u00eetresses, Dominique Bischung et Estelle Richert, le p\u00e8re No\u00ebl leur a rendu visite vendredi matin 19 d\u00e9cembre pour remettre \u00e0 chacun un &hellip; <a href=\"https:\/\/www.lembach.fr\/ecole\/2014\/12\/17\/le-pere-noel-en-maternelle\/\">Continuer la lecture <span class=\"meta-nav\">&rarr;<\/span><\/a><\/p>\n","protected":false},"author":1,"featured_media":0,"comment_status":"closed","ping_status":"closed","sticky":false,"template":"","format":"standard","meta":{"footnotes":""},"categories":[9],"tags":[],"class_list":["post-1398","post","type-post","status-publish","format-standard","hentry","category-manifestations"],"_links":{"self":[{"href":"https:\/\/www.lembach.fr\/ecole\/wp-json\/wp\/v2\/posts\/1398","targetHints":{"allow":["GET"]}}],"collection":[{"href":"https:\/\/www.lembach.fr\/ecole\/wp-json\/wp\/v2\/posts"}],"about":[{"href":"https:\/\/www.lembach.fr\/ecole\/wp-json\/wp\/v2\/types\/post"}],"author":[{"embeddable":true,"href":"https:\/\/www.lembach.fr\/ecole\/wp-json\/wp\/v2\/users\/1"}],"replies":[{"embeddable":true,"href":"https:\/\/www.lembach.fr\/ecole\/wp-json\/wp\/v2\/comments?post=1398"}],"version-history":[{"count":0,"href":"https:\/\/www.lembach.fr\/ecole\/wp-json\/wp\/v2\/posts\/1398\/revisions"}],"wp:attachment":[{"href":"https:\/\/www.lembach.fr\/ecole\/wp-json\/wp\/v2\/media?parent=1398"}],"wp:term":[{"taxonomy":"category","embeddable":true,"href":"https:\/\/www.lembach.fr\/ecole\/wp-json\/wp\/v2\/categories?post=1398"},{"taxonomy":"post_tag","embeddable":true,"href":"https:\/\/www.lembach.fr\/ecole\/wp-json\/wp\/v2\/tags?post=1398"}],"curies":[{"name":"wp","href":"https:\/\/api.w.org\/{rel}","templated":true}]}}