{"id":1304,"date":"2014-10-14T12:47:25","date_gmt":"2014-10-14T10:47:25","guid":{"rendered":"http:\/\/www.lembach.fr\/ecole\/?p=1304"},"modified":"2014-10-14T22:20:36","modified_gmt":"2014-10-14T20:20:36","slug":"sortie-automnale","status":"publish","type":"post","link":"https:\/\/www.lembach.fr\/ecole\/2014\/10\/14\/sortie-automnale\/","title":{"rendered":"Sortie automnale"},"content":{"rendered":"<h2>Vendredi 3 octobre, les \u00e9l\u00e8ves de la classe de CP ont fait une promenade. Au retour ils ont \u00e9crit le compte-rendu de la sortie sous forme de \u00ab\u00a0dict\u00e9e \u00e0 l&rsquo;adulte\u00a0\u00bb et dont voici le texte.<\/h2>\n<p style=\"text-align: left;\">On est pass\u00e9 par la rue de l\u2019Est o\u00f9 on a vu beaucoup de potirons diff\u00e9rents: des petits, des grands et un \u00e9norme !<br \/>\nAu bout de la rue, il y avait un champ de ma\u00efs: on a trouv\u00e9 un \u00e9pi par terre. Puis on a ramass\u00e9 des noix \u00e0 c\u00f4t\u00e9 d\u2019une ferme. On a regard\u00e9 une vieille charrue qui sert \u00e0 labourer les champs. On a march\u00e9 jusqu\u2019\u00e0 la for\u00eat o\u00f9 on a ramass\u00e9 des glands et des feuilles de ch\u00eane.<\/p>\n<p style=\"text-align: left;\"><img loading=\"lazy\" decoding=\"async\" class=\"alignnone size-full wp-image-1305\" src=\"http:\/\/www.lembach.fr\/ecole\/wp-content\/uploads\/2014\/10\/sortie_automnale_21.jpg\" alt=\"IF\" width=\"640\" height=\"480\" srcset=\"https:\/\/www.lembach.fr\/ecole\/wp-content\/uploads\/2014\/10\/sortie_automnale_21.jpg 640w, https:\/\/www.lembach.fr\/ecole\/wp-content\/uploads\/2014\/10\/sortie_automnale_21-300x225.jpg 300w\" sizes=\"auto, (max-width: 640px) 100vw, 640px\" \/><\/p>\n<p>Plus loin on a fait une pause dans un pr\u00e9 : on a jou\u00e9 \u00e0 imiter les arbres. Dans le verger voisin, on a vu plein de gu\u00eapes qui se r\u00e9galaient de poires tomb\u00e9es dans l\u2019herbe. On a observ\u00e9 une colchique d\u00e9j\u00e0 fan\u00e9e. On a fait une ronde et on a chant\u00e9 la chanson traditionnelle\u201d Colchiques dans les pr\u00e9s\u201d.<\/p>\n<p style=\"text-align: left;\"><a href=\"http:\/\/www.lembach.fr\/ecole\/wp-content\/uploads\/2014\/10\/sortie_automnale_64.jpg\"><img loading=\"lazy\" decoding=\"async\" class=\"alignnone size-full wp-image-1308\" src=\"http:\/\/www.lembach.fr\/ecole\/wp-content\/uploads\/2014\/10\/sortie_automnale_64.jpg\" alt=\"IF\" width=\"640\" height=\"480\" srcset=\"https:\/\/www.lembach.fr\/ecole\/wp-content\/uploads\/2014\/10\/sortie_automnale_64.jpg 640w, https:\/\/www.lembach.fr\/ecole\/wp-content\/uploads\/2014\/10\/sortie_automnale_64-300x225.jpg 300w\" sizes=\"auto, (max-width: 640px) 100vw, 640px\" \/><\/a><\/p>\n<p style=\"text-align: left;\">On est pass\u00e9 devant une antenne et on a vu un troupeau de moutons. A c\u00f4t\u00e9 du r\u00e9servoir o\u00f9 deux magnifiques chevaux nous attendaient, on a fait une photo de classe.<\/p>\n<p style=\"text-align: left;\">\u00a0<a href=\"http:\/\/www.lembach.fr\/ecole\/wp-content\/uploads\/2014\/10\/sortie_automnale_54.jpg\"><img loading=\"lazy\" decoding=\"async\" class=\"alignnone size-full wp-image-1306\" src=\"http:\/\/www.lembach.fr\/ecole\/wp-content\/uploads\/2014\/10\/sortie_automnale_54.jpg\" alt=\"IF\" width=\"640\" height=\"480\" srcset=\"https:\/\/www.lembach.fr\/ecole\/wp-content\/uploads\/2014\/10\/sortie_automnale_54.jpg 640w, https:\/\/www.lembach.fr\/ecole\/wp-content\/uploads\/2014\/10\/sortie_automnale_54-300x225.jpg 300w\" sizes=\"auto, (max-width: 640px) 100vw, 640px\" \/><\/a><\/p>\n<p>Pour rentrer, on est pass\u00e9 \u00e0 c\u00f4t\u00e9 du cimeti\u00e8re en silence et on est revenu par la rue de Haute-Vienne.<br \/>\nOn a vu des poissons dans le Heimbach et puis on est retourn\u00e9 \u00e0 l\u2019\u00e9cole.<br \/>\nC\u2019\u00e9tait une chouette ballade !<\/p>\n<p style=\"text-align: right;\"><a href=\"http:\/\/www.lembach.fr\/ecole\/wp-content\/uploads\/2014\/10\/sortie_automnale_58.jpg\"><img loading=\"lazy\" decoding=\"async\" class=\"alignnone size-full wp-image-1307\" src=\"http:\/\/www.lembach.fr\/ecole\/wp-content\/uploads\/2014\/10\/sortie_automnale_58.jpg\" alt=\"IF\" width=\"640\" height=\"480\" srcset=\"https:\/\/www.lembach.fr\/ecole\/wp-content\/uploads\/2014\/10\/sortie_automnale_58.jpg 640w, https:\/\/www.lembach.fr\/ecole\/wp-content\/uploads\/2014\/10\/sortie_automnale_58-300x225.jpg 300w\" sizes=\"auto, (max-width: 640px) 100vw, 640px\" \/><\/a><\/p>\n<p style=\"text-align: right;\">La classe de CP<\/p>\n<p style=\"text-align: center;\">Toutes les photos de la sorties sont visibles sur <a href=\"http:\/\/ec.lembach.free.fr\/album\/index.php?\/category\/259\" target=\"_blank\">l&rsquo;album photos de l&rsquo;\u00e9cole<\/a>.<\/p>\n","protected":false},"excerpt":{"rendered":"<p>Vendredi 3 octobre, les \u00e9l\u00e8ves de la classe de CP ont fait une promenade. Au retour ils ont \u00e9crit le compte-rendu de la sortie sous forme de \u00ab\u00a0dict\u00e9e \u00e0 l&rsquo;adulte\u00a0\u00bb et dont voici le texte. On est pass\u00e9 par la &hellip; <a href=\"https:\/\/www.lembach.fr\/ecole\/2014\/10\/14\/sortie-automnale\/\">Continuer la lecture <span class=\"meta-nav\">&rarr;<\/span><\/a><\/p>\n","protected":false},"author":1,"featured_media":0,"comment_status":"closed","ping_status":"closed","sticky":false,"template":"","format":"standard","meta":{"footnotes":""},"categories":[8],"tags":[],"class_list":["post-1304","post","type-post","status-publish","format-standard","hentry","category-reportages"],"_links":{"self":[{"href":"https:\/\/www.lembach.fr\/ecole\/wp-json\/wp\/v2\/posts\/1304","targetHints":{"allow":["GET"]}}],"collection":[{"href":"https:\/\/www.lembach.fr\/ecole\/wp-json\/wp\/v2\/posts"}],"about":[{"href":"https:\/\/www.lembach.fr\/ecole\/wp-json\/wp\/v2\/types\/post"}],"author":[{"embeddable":true,"href":"https:\/\/www.lembach.fr\/ecole\/wp-json\/wp\/v2\/users\/1"}],"replies":[{"embeddable":true,"href":"https:\/\/www.lembach.fr\/ecole\/wp-json\/wp\/v2\/comments?post=1304"}],"version-history":[{"count":0,"href":"https:\/\/www.lembach.fr\/ecole\/wp-json\/wp\/v2\/posts\/1304\/revisions"}],"wp:attachment":[{"href":"https:\/\/www.lembach.fr\/ecole\/wp-json\/wp\/v2\/media?parent=1304"}],"wp:term":[{"taxonomy":"category","embeddable":true,"href":"https:\/\/www.lembach.fr\/ecole\/wp-json\/wp\/v2\/categories?post=1304"},{"taxonomy":"post_tag","embeddable":true,"href":"https:\/\/www.lembach.fr\/ecole\/wp-json\/wp\/v2\/tags?post=1304"}],"curies":[{"name":"wp","href":"https:\/\/api.w.org\/{rel}","templated":true}]}}