{"id":1237,"date":"2014-06-06T21:53:52","date_gmt":"2014-06-06T19:53:52","guid":{"rendered":"http:\/\/www.lembach.fr\/ecole\/?p=1237"},"modified":"2014-07-05T10:52:20","modified_gmt":"2014-07-05T08:52:20","slug":"du-sport-sans-frontieres","status":"publish","type":"post","link":"https:\/\/www.lembach.fr\/ecole\/2014\/06\/06\/du-sport-sans-frontieres\/","title":{"rendered":"Du sport sans fronti\u00e8res"},"content":{"rendered":"<h2>Les classes de CP venaient de Fischbach (Palatinat) et de Laubach avec Sabine Winkelmuller pour rencontrer celle d\u2019Annelise Kugler. Avec les parents d\u2019\u00e9l\u00e8ves accompagnateurs, les \u00e9coliers ont, tout comme les CM1 de Lembach d\u2019Alain Stoltz, particip\u00e9 \u00e0 l\u2019installation, \u00e0 l\u2019animation des ateliers et aux relev\u00e9s des points.<\/h2>\n<p>Dix \u00e9preuves attendaient les \u00e9l\u00e8ves : course de longueur, saut \u00e0 cloche pied, lancer d\u2019anneaux, de balles, jonglage et \u00e9quilibre, saut en longueur et \u00e0 la corde, conduite de balle \u00e0 la main et au pied. Les deux meilleurs de chaque classe ont re\u00e7u une m\u00e9daille. Les parents allemands \u00e9taient venus, en voitures personnelles, r\u00e9cup\u00e9rer leurs enfants \u00e0 midi. Les \u00e9l\u00e8ves des deux \u00e9coles alsaciennes en ont profit\u00e9 pour prolonger la rencontre, en version plus r\u00e9cr\u00e9ative, jusque dans l\u2019apr\u00e8s-midi.<\/p>\n<p><img loading=\"lazy\" decoding=\"async\" class=\"size-full wp-image-1238 aligncenter\" src=\"http:\/\/www.lembach.fr\/ecole\/wp-content\/uploads\/2014\/07\/decathlon_cp_055.jpg\" alt=\"decathlon_cp_055\" width=\"400\" height=\"258\" srcset=\"https:\/\/www.lembach.fr\/ecole\/wp-content\/uploads\/2014\/07\/decathlon_cp_055.jpg 400w, https:\/\/www.lembach.fr\/ecole\/wp-content\/uploads\/2014\/07\/decathlon_cp_055-300x193.jpg 300w\" sizes=\"auto, (max-width: 400px) 100vw, 400px\" \/><br \/>\nLe temps ayant \u00e9t\u00e9 de la partie, \u00e9l\u00e8ves et enseignants ne peuvent garder qu\u2019un bon souvenir de cette rencontre transfrontali\u00e8re !<\/p>\n<p><img loading=\"lazy\" decoding=\"async\" class=\"alignnone size-full wp-image-1239 aligncenter\" src=\"http:\/\/www.lembach.fr\/ecole\/wp-content\/uploads\/2014\/07\/decathlon_cp_120.jpg\" alt=\"decathlon_cp_120\" width=\"400\" height=\"297\" srcset=\"https:\/\/www.lembach.fr\/ecole\/wp-content\/uploads\/2014\/07\/decathlon_cp_120.jpg 400w, https:\/\/www.lembach.fr\/ecole\/wp-content\/uploads\/2014\/07\/decathlon_cp_120-300x222.jpg 300w\" sizes=\"auto, (max-width: 400px) 100vw, 400px\" \/><\/p>\n<p style=\"text-align: center;\">Toutes les photos de la manifestation sont dans l&rsquo;<a href=\"http:\/\/ec.lembach.free.fr\/album\/index.php?\/category\/247\" target=\"_blank\">album photos<\/a>.<\/p>\n<p>&nbsp;<\/p>\n","protected":false},"excerpt":{"rendered":"<p>Les classes de CP venaient de Fischbach (Palatinat) et de Laubach avec Sabine Winkelmuller pour rencontrer celle d\u2019Annelise Kugler. Avec les parents d\u2019\u00e9l\u00e8ves accompagnateurs, les \u00e9coliers ont, tout comme les CM1 de Lembach d\u2019Alain Stoltz, particip\u00e9 \u00e0 l\u2019installation, \u00e0 l\u2019animation &hellip; <a href=\"https:\/\/www.lembach.fr\/ecole\/2014\/06\/06\/du-sport-sans-frontieres\/\">Continuer la lecture <span class=\"meta-nav\">&rarr;<\/span><\/a><\/p>\n","protected":false},"author":1,"featured_media":0,"comment_status":"closed","ping_status":"closed","sticky":false,"template":"","format":"standard","meta":{"footnotes":""},"categories":[4],"tags":[],"class_list":["post-1237","post","type-post","status-publish","format-standard","hentry","category-sports"],"_links":{"self":[{"href":"https:\/\/www.lembach.fr\/ecole\/wp-json\/wp\/v2\/posts\/1237","targetHints":{"allow":["GET"]}}],"collection":[{"href":"https:\/\/www.lembach.fr\/ecole\/wp-json\/wp\/v2\/posts"}],"about":[{"href":"https:\/\/www.lembach.fr\/ecole\/wp-json\/wp\/v2\/types\/post"}],"author":[{"embeddable":true,"href":"https:\/\/www.lembach.fr\/ecole\/wp-json\/wp\/v2\/users\/1"}],"replies":[{"embeddable":true,"href":"https:\/\/www.lembach.fr\/ecole\/wp-json\/wp\/v2\/comments?post=1237"}],"version-history":[{"count":0,"href":"https:\/\/www.lembach.fr\/ecole\/wp-json\/wp\/v2\/posts\/1237\/revisions"}],"wp:attachment":[{"href":"https:\/\/www.lembach.fr\/ecole\/wp-json\/wp\/v2\/media?parent=1237"}],"wp:term":[{"taxonomy":"category","embeddable":true,"href":"https:\/\/www.lembach.fr\/ecole\/wp-json\/wp\/v2\/categories?post=1237"},{"taxonomy":"post_tag","embeddable":true,"href":"https:\/\/www.lembach.fr\/ecole\/wp-json\/wp\/v2\/tags?post=1237"}],"curies":[{"name":"wp","href":"https:\/\/api.w.org\/{rel}","templated":true}]}}