{"id":1193,"date":"2017-06-16T15:15:05","date_gmt":"2017-06-16T13:15:05","guid":{"rendered":"http:\/\/www.lembach.fr\/ecole\/?p=1193"},"modified":"2017-06-16T16:11:57","modified_gmt":"2017-06-16T14:11:57","slug":"au-feu-les-pompiers","status":"publish","type":"post","link":"https:\/\/www.lembach.fr\/ecole\/2017\/06\/16\/au-feu-les-pompiers\/","title":{"rendered":"Au feu ! les pompiers&#8230;"},"content":{"rendered":"<h2><img loading=\"lazy\" decoding=\"async\" class=\"alignleft wp-image-1200\" src=\"http:\/\/www.lembach.fr\/ecole\/wp-content\/uploads\/2014\/06\/casque_de_pompier.jpg\" alt=\"casque_de_pompier\" width=\"183\" height=\"183\" srcset=\"https:\/\/www.lembach.fr\/ecole\/wp-content\/uploads\/2014\/06\/casque_de_pompier.jpg 400w, https:\/\/www.lembach.fr\/ecole\/wp-content\/uploads\/2014\/06\/casque_de_pompier-150x150.jpg 150w, https:\/\/www.lembach.fr\/ecole\/wp-content\/uploads\/2014\/06\/casque_de_pompier-300x300.jpg 300w\" sizes=\"auto, (max-width: 183px) 100vw, 183px\" \/>Le vendredi 16 juin, l&rsquo;alerte incendie a retenti vers 14h00 dans les couloirs de l&rsquo;\u00e9cole. En tr\u00e8s peu de temps, tous les \u00e9l\u00e8ves et leurs enseignants sont sortis se mettre en s\u00e9curit\u00e9 \u00e0 l&rsquo;endroit pr\u00e9vu, dans la cour de l&rsquo;\u00e9cole.<\/h2>\n<p>Quelques minutes plus tard, les pompiers du centre de secours sont arriv\u00e9s avec un v\u00e9hicule l\u00e9ger, un camion-pompe et une ambulance. Certains sont entr\u00e9s dans le b\u00e2timent avec leur \u00e9quipement afin de secourir deux \u00e9l\u00e8ves qui avaient \u00e9t\u00e9 intoxiqu\u00e9s par la fum\u00e9e et n&rsquo;avaient pas pu sortir. D&rsquo;autres pompiers ont mis en place la lance \u00e0 incendie et ont commenc\u00e9 \u00e0 asperger le b\u00e2timent.<\/p>\n<p>Ce n&rsquo;est qu&rsquo;\u00e0 ce moment que tout le monde a compris que ce n&rsquo;\u00e9tait qu&rsquo;un exercice pr\u00e9vu par le Directeur et le lieutenant WALTHER Rapha\u00ebl des Sapeurs Pompiers de Lembach.<\/p>\n<p>Les \u00ab\u00a0soldats du feu\u00a0\u00bb ont ensuite anim\u00e9 trois ateliers afin d&rsquo;expliquer \u00e0 tous les enfants quelles \u00e9taient leurs missions et quel mat\u00e9riel ils utilisaient.<\/p>\n<p>Ce fut un exercice bien instructif pour tout le monde et voici quelques photos, les autres \u00e9tant sur <a href=\"http:\/\/ec.lembach.free.fr\/album\/index.php?\/category\/332\" target=\"_blank\" rel=\"noopener\">l&rsquo;album photo de l&rsquo;\u00e9cole<\/a>.<\/p>\n<div id='gallery-1' class='gallery galleryid-1193 gallery-columns-3 gallery-size-thumbnail'><dl class='gallery-item'>\n\t\t\t<dt class='gallery-icon landscape'>\n\t\t\t\t<a href='https:\/\/www.lembach.fr\/ecole\/2017\/06\/16\/au-feu-les-pompiers\/pompiers_01\/'><img loading=\"lazy\" decoding=\"async\" width=\"150\" height=\"150\" src=\"https:\/\/www.lembach.fr\/ecole\/wp-content\/uploads\/2016\/06\/pompiers_01-150x150.jpg\" class=\"attachment-thumbnail size-thumbnail\" alt=\"\" \/><\/a>\n\t\t\t<\/dt><\/dl><dl class='gallery-item'>\n\t\t\t<dt class='gallery-icon landscape'>\n\t\t\t\t<a href='https:\/\/www.lembach.fr\/ecole\/2017\/06\/16\/au-feu-les-pompiers\/pompiers_19\/'><img loading=\"lazy\" decoding=\"async\" width=\"150\" height=\"150\" src=\"https:\/\/www.lembach.fr\/ecole\/wp-content\/uploads\/2016\/06\/pompiers_19-150x150.jpg\" class=\"attachment-thumbnail size-thumbnail\" alt=\"\" \/><\/a>\n\t\t\t<\/dt><\/dl><dl class='gallery-item'>\n\t\t\t<dt class='gallery-icon landscape'>\n\t\t\t\t<a href='https:\/\/www.lembach.fr\/ecole\/2017\/06\/16\/au-feu-les-pompiers\/pompiers_22\/'><img loading=\"lazy\" decoding=\"async\" width=\"150\" height=\"150\" src=\"https:\/\/www.lembach.fr\/ecole\/wp-content\/uploads\/2016\/06\/pompiers_22-150x150.jpg\" class=\"attachment-thumbnail size-thumbnail\" alt=\"\" \/><\/a>\n\t\t\t<\/dt><\/dl><br style=\"clear: both\" \/><dl class='gallery-item'>\n\t\t\t<dt class='gallery-icon landscape'>\n\t\t\t\t<a href='https:\/\/www.lembach.fr\/ecole\/2017\/06\/16\/au-feu-les-pompiers\/pompiers_23\/'><img loading=\"lazy\" decoding=\"async\" width=\"150\" height=\"150\" src=\"https:\/\/www.lembach.fr\/ecole\/wp-content\/uploads\/2016\/06\/pompiers_23-150x150.jpg\" class=\"attachment-thumbnail size-thumbnail\" alt=\"\" \/><\/a>\n\t\t\t<\/dt><\/dl><dl class='gallery-item'>\n\t\t\t<dt class='gallery-icon landscape'>\n\t\t\t\t<a href='https:\/\/www.lembach.fr\/ecole\/2017\/06\/16\/au-feu-les-pompiers\/pompiers_29\/'><img loading=\"lazy\" decoding=\"async\" width=\"150\" height=\"150\" src=\"https:\/\/www.lembach.fr\/ecole\/wp-content\/uploads\/2016\/06\/pompiers_29-150x150.jpg\" class=\"attachment-thumbnail size-thumbnail\" alt=\"\" \/><\/a>\n\t\t\t<\/dt><\/dl><dl class='gallery-item'>\n\t\t\t<dt class='gallery-icon portrait'>\n\t\t\t\t<a href='https:\/\/www.lembach.fr\/ecole\/2017\/06\/16\/au-feu-les-pompiers\/pompiers_38\/'><img loading=\"lazy\" decoding=\"async\" width=\"150\" height=\"150\" src=\"https:\/\/www.lembach.fr\/ecole\/wp-content\/uploads\/2016\/06\/pompiers_38-e1497622263880-150x150.jpg\" class=\"attachment-thumbnail size-thumbnail\" alt=\"\" \/><\/a>\n\t\t\t<\/dt><\/dl><br style=\"clear: both\" \/>\n\t\t<\/div>\n\n","protected":false},"excerpt":{"rendered":"<p>Le vendredi 16 juin, l&rsquo;alerte incendie a retenti vers 14h00 dans les couloirs de l&rsquo;\u00e9cole. En tr\u00e8s peu de temps, tous les \u00e9l\u00e8ves et leurs enseignants sont sortis se mettre en s\u00e9curit\u00e9 \u00e0 l&rsquo;endroit pr\u00e9vu, dans la cour de l&rsquo;\u00e9cole. &hellip; <a href=\"https:\/\/www.lembach.fr\/ecole\/2017\/06\/16\/au-feu-les-pompiers\/\">Continuer la lecture <span class=\"meta-nav\">&rarr;<\/span><\/a><\/p>\n","protected":false},"author":1,"featured_media":0,"comment_status":"closed","ping_status":"closed","sticky":false,"template":"","format":"standard","meta":{"footnotes":""},"categories":[8],"tags":[],"class_list":["post-1193","post","type-post","status-publish","format-standard","hentry","category-reportages"],"_links":{"self":[{"href":"https:\/\/www.lembach.fr\/ecole\/wp-json\/wp\/v2\/posts\/1193","targetHints":{"allow":["GET"]}}],"collection":[{"href":"https:\/\/www.lembach.fr\/ecole\/wp-json\/wp\/v2\/posts"}],"about":[{"href":"https:\/\/www.lembach.fr\/ecole\/wp-json\/wp\/v2\/types\/post"}],"author":[{"embeddable":true,"href":"https:\/\/www.lembach.fr\/ecole\/wp-json\/wp\/v2\/users\/1"}],"replies":[{"embeddable":true,"href":"https:\/\/www.lembach.fr\/ecole\/wp-json\/wp\/v2\/comments?post=1193"}],"version-history":[{"count":0,"href":"https:\/\/www.lembach.fr\/ecole\/wp-json\/wp\/v2\/posts\/1193\/revisions"}],"wp:attachment":[{"href":"https:\/\/www.lembach.fr\/ecole\/wp-json\/wp\/v2\/media?parent=1193"}],"wp:term":[{"taxonomy":"category","embeddable":true,"href":"https:\/\/www.lembach.fr\/ecole\/wp-json\/wp\/v2\/categories?post=1193"},{"taxonomy":"post_tag","embeddable":true,"href":"https:\/\/www.lembach.fr\/ecole\/wp-json\/wp\/v2\/tags?post=1193"}],"curies":[{"name":"wp","href":"https:\/\/api.w.org\/{rel}","templated":true}]}}