{"id":1146,"date":"2014-04-15T18:43:42","date_gmt":"2014-04-15T16:43:42","guid":{"rendered":"http:\/\/www.lembach.fr\/ecole\/?p=1146"},"modified":"2014-04-15T18:44:39","modified_gmt":"2014-04-15T16:44:39","slug":"exposition-des-archives-departementales","status":"publish","type":"post","link":"https:\/\/www.lembach.fr\/ecole\/2014\/04\/15\/exposition-des-archives-departementales\/","title":{"rendered":"Exposition des archives d\u00e9partementales"},"content":{"rendered":"<p>En ce lundi 14 avril, les classes de M. Stoltz et de M. Rochelle avaient \u00e9t\u00e9 invit\u00e9es par M. le Maire dans la salle de la Maire.<\/p>\n<p><img loading=\"lazy\" decoding=\"async\" class=\"alignnone size-full wp-image-1147\" alt=\"genealogie1\" src=\"http:\/\/www.lembach.fr\/ecole\/wp-content\/uploads\/2014\/04\/genealogie1.jpg\" width=\"640\" height=\"441\" srcset=\"https:\/\/www.lembach.fr\/ecole\/wp-content\/uploads\/2014\/04\/genealogie1.jpg 640w, https:\/\/www.lembach.fr\/ecole\/wp-content\/uploads\/2014\/04\/genealogie1-300x206.jpg 300w\" sizes=\"auto, (max-width: 640px) 100vw, 640px\" \/><\/p>\n<p>M. Schlosser a accueilli les \u00e9l\u00e8ves des deux classes \u00e0 tour de r\u00f4le afin de pr\u00e9senter l&rsquo;exposition sur les Archives d\u00e9partementales. Ce fut l&rsquo;occasion aussi de pr\u00e9senter quelques archives municipales anciennes de l&rsquo;\u00c9tat Civil et de d&rsquo;expliquer aux \u00e9l\u00e8ves ce que l&rsquo;on peut trouver dans ces documents.<\/p>\n<p><a href=\"http:\/\/www.lembach.fr\/ecole\/wp-content\/uploads\/2014\/04\/genealogie2.jpg\"><img loading=\"lazy\" decoding=\"async\" class=\"alignnone size-full wp-image-1148\" alt=\"genealogie2\" src=\"http:\/\/www.lembach.fr\/ecole\/wp-content\/uploads\/2014\/04\/genealogie2.jpg\" width=\"640\" height=\"439\" srcset=\"https:\/\/www.lembach.fr\/ecole\/wp-content\/uploads\/2014\/04\/genealogie2.jpg 640w, https:\/\/www.lembach.fr\/ecole\/wp-content\/uploads\/2014\/04\/genealogie2-300x205.jpg 300w\" sizes=\"auto, (max-width: 640px) 100vw, 640px\" \/><\/a><\/p>\n<p>Les \u00e9l\u00e8ves savent maintenant que l&rsquo;histoire des g\u00e9n\u00e9rations et des familles fait \u00e9galement partie de l&rsquo;Histoire avec un grand \u00ab\u00a0H\u00a0\u00bb.<\/p>\n","protected":false},"excerpt":{"rendered":"<p>En ce lundi 14 avril, les classes de M. Stoltz et de M. Rochelle avaient \u00e9t\u00e9 invit\u00e9es par M. le Maire dans la salle de la Maire. M. Schlosser a accueilli les \u00e9l\u00e8ves des deux classes \u00e0 tour de r\u00f4le &hellip; <a href=\"https:\/\/www.lembach.fr\/ecole\/2014\/04\/15\/exposition-des-archives-departementales\/\">Continuer la lecture <span class=\"meta-nav\">&rarr;<\/span><\/a><\/p>\n","protected":false},"author":1,"featured_media":0,"comment_status":"closed","ping_status":"closed","sticky":false,"template":"","format":"standard","meta":{"footnotes":""},"categories":[8],"tags":[],"class_list":["post-1146","post","type-post","status-publish","format-standard","hentry","category-reportages"],"_links":{"self":[{"href":"https:\/\/www.lembach.fr\/ecole\/wp-json\/wp\/v2\/posts\/1146","targetHints":{"allow":["GET"]}}],"collection":[{"href":"https:\/\/www.lembach.fr\/ecole\/wp-json\/wp\/v2\/posts"}],"about":[{"href":"https:\/\/www.lembach.fr\/ecole\/wp-json\/wp\/v2\/types\/post"}],"author":[{"embeddable":true,"href":"https:\/\/www.lembach.fr\/ecole\/wp-json\/wp\/v2\/users\/1"}],"replies":[{"embeddable":true,"href":"https:\/\/www.lembach.fr\/ecole\/wp-json\/wp\/v2\/comments?post=1146"}],"version-history":[{"count":0,"href":"https:\/\/www.lembach.fr\/ecole\/wp-json\/wp\/v2\/posts\/1146\/revisions"}],"wp:attachment":[{"href":"https:\/\/www.lembach.fr\/ecole\/wp-json\/wp\/v2\/media?parent=1146"}],"wp:term":[{"taxonomy":"category","embeddable":true,"href":"https:\/\/www.lembach.fr\/ecole\/wp-json\/wp\/v2\/categories?post=1146"},{"taxonomy":"post_tag","embeddable":true,"href":"https:\/\/www.lembach.fr\/ecole\/wp-json\/wp\/v2\/tags?post=1146"}],"curies":[{"name":"wp","href":"https:\/\/api.w.org\/{rel}","templated":true}]}}