{"id":1081,"date":"2013-12-21T18:25:04","date_gmt":"2013-12-21T17:25:04","guid":{"rendered":"http:\/\/www.lembach.fr\/ecole\/?p=1081"},"modified":"2016-11-17T14:43:07","modified_gmt":"2016-11-17T13:43:07","slug":"sortie-cinema","status":"publish","type":"post","link":"https:\/\/www.lembach.fr\/ecole\/2013\/12\/21\/sortie-cinema\/","title":{"rendered":"Cin\u00e9ma : \u00ab\u00a0La reine des neiges\u00a0\u00bb"},"content":{"rendered":"<p>Jeudi le 19 d\u00e9cembre, tous les \u00e9l\u00e8ves de l&rsquo;\u00e9cole \u00e9l\u00e9mentaire sont all\u00e9s au cin\u00e9ma \u00e0 la Castine de Reichshoffen afin de voir le dernier film des studios Disney \u00ab\u00a0La reine des neiges\u00a0\u00bb. Ce film est librement inspir\u00e9 d&rsquo;un conte de <a title=\"Hans Christian Andersen\" href=\"http:\/\/fr.wikipedia.org\/wiki\/Hans_Christian_Andersen\">Hans Christian Andersen<\/a> publi\u00e9 en 1844.<\/p>\n<p><img loading=\"lazy\" decoding=\"async\" class=\"size-full wp-image-1083 aligncenter\" src=\"http:\/\/www.lembach.fr\/ecole\/wp-content\/uploads\/2013\/12\/reine_des_neiges.jpg\" alt=\"reine_des_neiges\" width=\"240\" height=\"320\" srcset=\"https:\/\/www.lembach.fr\/ecole\/wp-content\/uploads\/2013\/12\/reine_des_neiges.jpg 240w, https:\/\/www.lembach.fr\/ecole\/wp-content\/uploads\/2013\/12\/reine_des_neiges-225x300.jpg 225w\" sizes=\"auto, (max-width: 240px) 100vw, 240px\" \/>Synopsis :<\/p>\n<blockquote><p><span style=\"color: #0000ff;\"><strong>Anna<\/strong>, une jeune fille aussi audacieuse qu\u2019optimiste, se lance dans un incroyable voyage en compagnie de <strong>Kristoff<\/strong>, un montagnard exp\u00e9riment\u00e9, et de son fid\u00e8le renne, <strong>Sven<\/strong> \u00e0 la recherche de sa s\u0153ur, <strong>Elsa<\/strong>, la <strong>Reine des Neiges<\/strong> qui a plong\u00e9 le royaume d\u2019<strong>Arendelle<\/strong> dans un hiver \u00e9ternel\u2026<\/span><\/p>\n<p><span style=\"color: #0000ff;\">En chemin, ils vont rencontrer de myst\u00e9rieux trolls et un dr\u00f4le de bonhomme de neige nomm\u00e9 <strong>Olaf<\/strong>, braver les conditions extr\u00eames des sommets escarp\u00e9s et glac\u00e9s, et affronter la magie qui les guette \u00e0 chaque pas.<\/span><\/p><\/blockquote>\n<p>Voici la bande annonce du film :<\/p>\n<p style=\"text-align: center;\"><iframe loading=\"lazy\" src=\"http:\/\/www.youtube.com\/embed\/yAFzwiwWcjc?feature=player_detailpage\" width=\"640\" height=\"360\" frameborder=\"0\" allowfullscreen=\"allowfullscreen\"><\/iframe><\/p>\n<p>Cette sortie, enti\u00e8rement prise en charge financi\u00e8rement par la Coop\u00e9rative de l&rsquo;\u00e9cole, a rencontr\u00e9 un vif succ\u00e8s aupr\u00e8s des enfants.<\/p>\n","protected":false},"excerpt":{"rendered":"<p>Jeudi le 19 d\u00e9cembre, tous les \u00e9l\u00e8ves de l&rsquo;\u00e9cole \u00e9l\u00e9mentaire sont all\u00e9s au cin\u00e9ma \u00e0 la Castine de Reichshoffen afin de voir le dernier film des studios Disney \u00ab\u00a0La reine des neiges\u00a0\u00bb. Ce film est librement inspir\u00e9 d&rsquo;un conte de &hellip; <a href=\"https:\/\/www.lembach.fr\/ecole\/2013\/12\/21\/sortie-cinema\/\">Continuer la lecture <span class=\"meta-nav\">&rarr;<\/span><\/a><\/p>\n","protected":false},"author":1,"featured_media":0,"comment_status":"closed","ping_status":"closed","sticky":false,"template":"","format":"standard","meta":{"footnotes":""},"categories":[21],"tags":[],"class_list":["post-1081","post","type-post","status-publish","format-standard","hentry","category-spectacles"],"_links":{"self":[{"href":"https:\/\/www.lembach.fr\/ecole\/wp-json\/wp\/v2\/posts\/1081","targetHints":{"allow":["GET"]}}],"collection":[{"href":"https:\/\/www.lembach.fr\/ecole\/wp-json\/wp\/v2\/posts"}],"about":[{"href":"https:\/\/www.lembach.fr\/ecole\/wp-json\/wp\/v2\/types\/post"}],"author":[{"embeddable":true,"href":"https:\/\/www.lembach.fr\/ecole\/wp-json\/wp\/v2\/users\/1"}],"replies":[{"embeddable":true,"href":"https:\/\/www.lembach.fr\/ecole\/wp-json\/wp\/v2\/comments?post=1081"}],"version-history":[{"count":0,"href":"https:\/\/www.lembach.fr\/ecole\/wp-json\/wp\/v2\/posts\/1081\/revisions"}],"wp:attachment":[{"href":"https:\/\/www.lembach.fr\/ecole\/wp-json\/wp\/v2\/media?parent=1081"}],"wp:term":[{"taxonomy":"category","embeddable":true,"href":"https:\/\/www.lembach.fr\/ecole\/wp-json\/wp\/v2\/categories?post=1081"},{"taxonomy":"post_tag","embeddable":true,"href":"https:\/\/www.lembach.fr\/ecole\/wp-json\/wp\/v2\/tags?post=1081"}],"curies":[{"name":"wp","href":"https:\/\/api.w.org\/{rel}","templated":true}]}}